[{"@context":"https:\/\/schema.org\/","@type":"Article","@id":"https:\/\/www.spero.cz\/zkuseni-zamestnanci\/#Article","mainEntityOfPage":"https:\/\/www.spero.cz\/zkuseni-zamestnanci\/","headline":"Zku\u0161en\u00ed zam\u011bstnanci","name":"Zku\u0161en\u00ed zam\u011bstnanci","description":"Ka\u017ed\u00fd podnikatel, kter\u00fd chce b\u00fdt \u00fasp\u011b\u0161n\u00fd, by si m\u011bl po\u0159\u00eddit s\u00eddlo firmy na dobr\u00e9 adrese. P\u0159esn\u011b tyto slu\u017eby v\u0161em sv\u00fdm z\u00e1kazn\u00edk\u016fm d\u00e1v\u00e1 spole\u010dnost Kancel\u00e1\u0159sk\u00e9 centrum Praha. D\u00edky na\u0161im mnoha zku\u0161enostem a dlouh\u00e9 praxi v\u00e1m d\u00e1me to nejlep\u0161\u00ed. Na n\u00e1s se m\u016f\u017eete \u00fapln\u011b ve v\u0161em spolehnout. Sv\u00fdm z\u00e1kazn\u00edk\u016fm nab\u00edz\u00ed kompletn\u011b vybaven\u00e9","datePublished":"2025-03-11","dateModified":"2025-03-11","author":{"@type":"Person","@id":"https:\/\/www.spero.cz\/author\/#Person","name":"","url":"https:\/\/www.spero.cz\/author\/","identifier":1,"image":{"@type":"ImageObject","@id":"https:\/\/secure.gravatar.com\/avatar\/383247cd769f7ac317a5bcda943ec48a3c79d996598ae4564ec21a0e178126d1?s=96&d=mm&r=g","url":"https:\/\/secure.gravatar.com\/avatar\/383247cd769f7ac317a5bcda943ec48a3c79d996598ae4564ec21a0e178126d1?s=96&d=mm&r=g","height":96,"width":96}},"publisher":{"@type":"Organization","name":"spero.cz","logo":{"@type":"ImageObject","@id":"\/logo.png","url":"\/logo.png","width":600,"height":60}},"url":"https:\/\/www.spero.cz\/zkuseni-zamestnanci\/","wordCount":185,"articleBody":"Ka\u017ed\u00fd podnikatel, kter\u00fd chce b\u00fdt \u00fasp\u011b\u0161n\u00fd, by si m\u011bl po\u0159\u00eddit s\u00eddlo firmy na dobr\u00e9 adrese. P\u0159esn\u011b tyto slu\u017eby v\u0161em sv\u00fdm z\u00e1kazn\u00edk\u016fm d\u00e1v\u00e1 spole\u010dnost Kancel\u00e1\u0159sk\u00e9 centrum Praha. D\u00edky na\u0161im mnoha zku\u0161enostem a dlouh\u00e9 praxi v\u00e1m d\u00e1me to nejlep\u0161\u00ed. Na n\u00e1s se m\u016f\u017eete \u00fapln\u011b ve v\u0161em spolehnout.Sv\u00fdm z\u00e1kazn\u00edk\u016fm nab\u00edz\u00ed kompletn\u011b vybaven\u00e9 s\u00eddlo firmy p\u0159esn\u011b podle jejich po\u017eadavk\u016f. D\u00edky tomu jich m\u00e1me mnoho z cel\u00e9 \u010cesk\u00e9 republiky a vy se k nim m\u016f\u017eete jednodu\u0161e p\u0159ipojit. Od n\u00e1s se do\u010dk\u00e1te pouze a jen f\u00e9rov\u00e9ho jedn\u00e1n\u00ed a individu\u00e1ln\u00edho p\u0159\u00edstupu. P\u0159ij\u010fte a budete dozajista pln\u011b spokojen\u00ed.Slu\u017eby i nad r\u00e1mec cen\u00edk\u016fPokud od n\u00e1s budete cht\u00edt nejen s\u00eddlo firmy, ale i n\u011bjak\u00e9 slu\u017eby nav\u00edc, v\u017edy se dohodneme. Nab\u00edz\u00edme v\u00e1m i slu\u017eby nad r\u00e1mec cen\u00edk\u016f.                                                                                                                                                                                                                                                                                                                                                                                        2\/5 - (1 vote)        "},{"@context":"https:\/\/schema.org\/","@type":"BreadcrumbList","itemListElement":[{"@type":"ListItem","position":1,"name":"Zku\u0161en\u00ed zam\u011bstnanci","item":"https:\/\/www.spero.cz\/zkuseni-zamestnanci\/#breadcrumbitem"}]}]