[{"@context":"https:\/\/schema.org\/","@type":"Article","@id":"https:\/\/www.spero.cz\/zahodte-igelitku-a-nahradte-ji-textilni-taskou\/#Article","mainEntityOfPage":"https:\/\/www.spero.cz\/zahodte-igelitku-a-nahradte-ji-textilni-taskou\/","headline":"Zaho\u010fte igelitku a nahra\u010fte ji textiln\u00ed ta\u0161kou","name":"Zaho\u010fte igelitku a nahra\u010fte ji textiln\u00ed ta\u0161kou","description":"Jako ka\u017ed\u00fd, i vy jist\u011b n\u011bkolikr\u00e1t do t\u00fddne chod\u00edte b\u011b\u017en\u011b na n\u00e1kupy.\u00a0 Pro pe\u010divo, ovoce, zeleninu, drogerii nebo t\u0159eba nov\u00e9 boty. V\u00a0\u010dem ale odn\u00e1\u0161\u00edte zakoupen\u00e9 zbo\u017e\u00ed? St\u00e1le hodn\u011b lid\u00ed si za t\u00edmto \u00fa\u010delem poka\u017ed\u00e9 zakoup\u00ed klasickou igelitku, v\u011bt\u0161inou p\u0159\u00edmo v\u00a0dan\u00e9m obchod\u011b. Zastavte a zamyslete se, ne\u0161lo by to i jinak,","datePublished":"2024-11-05","dateModified":"2024-11-05","author":{"@type":"Person","@id":"https:\/\/www.spero.cz\/author\/#Person","name":"","url":"https:\/\/www.spero.cz\/author\/","identifier":1,"image":{"@type":"ImageObject","@id":"https:\/\/secure.gravatar.com\/avatar\/383247cd769f7ac317a5bcda943ec48a3c79d996598ae4564ec21a0e178126d1?s=96&d=mm&r=g","url":"https:\/\/secure.gravatar.com\/avatar\/383247cd769f7ac317a5bcda943ec48a3c79d996598ae4564ec21a0e178126d1?s=96&d=mm&r=g","height":96,"width":96}},"publisher":{"@type":"Organization","name":"spero.cz","logo":{"@type":"ImageObject","@id":"\/logo.png","url":"\/logo.png","width":600,"height":60}},"url":"https:\/\/www.spero.cz\/zahodte-igelitku-a-nahradte-ji-textilni-taskou\/","wordCount":241,"articleBody":"\tJako ka\u017ed\u00fd, i vy jist\u011b n\u011bkolikr\u00e1t do t\u00fddne chod\u00edte b\u011b\u017en\u011b na n\u00e1kupy.\u00a0 Pro pe\u010divo, ovoce, zeleninu, drogerii nebo t\u0159eba nov\u00e9 boty. V\u00a0\u010dem ale odn\u00e1\u0161\u00edte zakoupen\u00e9 zbo\u017e\u00ed? St\u00e1le hodn\u011b lid\u00ed si za t\u00edmto \u00fa\u010delem poka\u017ed\u00e9 zakoup\u00ed klasickou igelitku, v\u011bt\u0161inou p\u0159\u00edmo v\u00a0dan\u00e9m obchod\u011b. Zastavte a zamyslete se, ne\u0161lo by to i jinak, v\u00edce ekologicky? Co zkusit variantu textiln\u00ed, kterou budete m\u00edt v\u017edy v\u00a0kabelce a jen vynd\u00e1te. Nemus\u00edte si kupovat nov\u00e9 a nov\u00e9 igelitky a ty po ka\u017ed\u00e9m n\u00e1kupu vyhazovat. Textiln\u00ed variantu m\u016f\u017eete m\u00edt v\u017edy u sebe.\tJinou u\u017e cht\u00edt nebudeteBavln\u011bn\u00e1 ta\u0161ka\u00a0e modern\u00ed \u0159e\u0161en\u00ed pro v\u0161echny, kter\u00e9 u\u017e nebav\u00ed neust\u00e1l\u00e9 kupov\u00e1n\u00ed igelitek. Za prv\u00e9 u\u0161et\u0159\u00edte, proto\u017ee ji m\u00e1te v\u017edy u sebe a za druh\u00e9 je to i pro p\u0159\u00edrodu \u0161etrn\u011bj\u0161\u00ed varianta. Bavln\u011bn\u00e1 varianta je skladn\u011bj\u0161\u00ed, kvalitn\u011bj\u0161\u00ed a elegantn\u011bj\u0161\u00ed. Vydr\u017e\u00ed v\u00e1m dlouh\u00e9 roky. Nosit ji nemus\u00edte pouze na n\u00e1kupy, ale i na vych\u00e1zku \u010di do m\u011bsta m\u00edsto kabelky. K\u00a0dost\u00e1n\u00ed je v\u00a0mnoha variant\u00e1ch i barevn\u00fdch proveden\u00edch. Nav\u00edc si ji m\u016f\u017eete nechat potisknout vlastn\u00edm motivem. Zkuste ji tak\u00e9 a uvid\u00edte, \u017ee na n\u00e1kup u\u017e jinou cht\u00edt nebudete.                                                                                                                                                                                                                                                                                                                                                                                                "},{"@context":"https:\/\/schema.org\/","@type":"BreadcrumbList","itemListElement":[{"@type":"ListItem","position":1,"name":"Zaho\u010fte igelitku a nahra\u010fte ji textiln\u00ed ta\u0161kou","item":"https:\/\/www.spero.cz\/zahodte-igelitku-a-nahradte-ji-textilni-taskou\/#breadcrumbitem"}]}]