[{"@context":"https:\/\/schema.org\/","@type":"Article","@id":"https:\/\/www.spero.cz\/v-beskydech-je-krasne\/#Article","mainEntityOfPage":"https:\/\/www.spero.cz\/v-beskydech-je-krasne\/","headline":"V Beskydech je kr\u00e1sn\u011b","name":"V Beskydech je kr\u00e1sn\u011b","description":"Spousta z n\u00e1s lid\u00ed r\u00e1da cestuje. N\u011bkdo proto, aby si odpo\u010dinul od ub\u00edjej\u00edc\u00ed ka\u017edodenn\u00ed rutiny, n\u011bkdo aby poznal n\u011bco nov\u00e9ho, n\u011bkdo t\u0159eba i z jin\u00fdch d\u016fvod\u016f. A tak se zkr\u00e1tka p\u0159inejmen\u0161\u00edm ve chv\u00edl\u00edch del\u0161\u00edho volna, jako je dovolen\u00e1, \u010dasto sebereme a zmiz\u00edme z domova. A m\u00ed\u0159\u00edme n\u011bkam, kde bychom si","datePublished":"2024-10-25","dateModified":"2024-10-25","author":{"@type":"Person","@id":"https:\/\/www.spero.cz\/author\/#Person","name":"","url":"https:\/\/www.spero.cz\/author\/","identifier":1,"image":{"@type":"ImageObject","@id":"https:\/\/secure.gravatar.com\/avatar\/383247cd769f7ac317a5bcda943ec48a3c79d996598ae4564ec21a0e178126d1?s=96&d=mm&r=g","url":"https:\/\/secure.gravatar.com\/avatar\/383247cd769f7ac317a5bcda943ec48a3c79d996598ae4564ec21a0e178126d1?s=96&d=mm&r=g","height":96,"width":96}},"publisher":{"@type":"Organization","name":"spero.cz","logo":{"@type":"ImageObject","@id":"\/logo.png","url":"\/logo.png","width":600,"height":60}},"image":{"@type":"ImageObject","@id":"https:\/\/www.spero.cz\/wp-content\/uploads\/besk.jpg","url":"https:\/\/www.spero.cz\/wp-content\/uploads\/besk.jpg","height":0,"width":0},"url":"https:\/\/www.spero.cz\/v-beskydech-je-krasne\/","about":["Internet"],"wordCount":416,"articleBody":"   Spousta z n\u00e1s lid\u00ed r\u00e1da cestuje. N\u011bkdo proto, aby si odpo\u010dinul od ub\u00edjej\u00edc\u00ed ka\u017edodenn\u00ed rutiny, n\u011bkdo aby poznal n\u011bco nov\u00e9ho, n\u011bkdo t\u0159eba i z jin\u00fdch d\u016fvod\u016f. A tak se zkr\u00e1tka p\u0159inejmen\u0161\u00edm ve chv\u00edl\u00edch del\u0161\u00edho volna, jako je dovolen\u00e1, \u010dasto sebereme a zmiz\u00edme z domova. A m\u00ed\u0159\u00edme n\u011bkam, kde bychom si to m\u011bli u\u017e\u00edt podle sv\u00fdch p\u0159edstav. K \u010demu\u017e tak\u00e9 doch\u00e1z\u00ed, a to \u00fam\u011brn\u011b na\u0161im finan\u010dn\u00edm, rodinn\u00fdm, zdravotn\u00edm a jin\u00fdm mo\u017enostem.Cestovat se d\u00e1 u\u017e v dne\u0161n\u00ed dob\u011b skoro kamkoliv na na\u0161\u00ed planet\u011b. A i do vesm\u00edru bychom se mohli teoreticky pod\u00edvat, na co\u017e by ale byly pot\u0159eba pen\u00edze, je\u017e oby\u010dejn\u00ed lid\u00e9 ani zdaleka nemaj\u00ed a nikdy m\u00edt nebudou. Ale nemus\u00edme pochopiteln\u011b cestovat tak daleko. Nemus\u00edme ani m\u00ed\u0159it n\u011bkam do zahrani\u010d\u00ed. I u n\u00e1s m\u00e1me spoustu kr\u00e1sn\u00fdch m\u00edst, kter\u00e1 si zaslou\u017e\u00ed, abychom je poznali. Vezm\u011bte si t\u0159eba takov\u00e9 Beskydy. Jak tam je jenom kr\u00e1sn\u011b! A p\u0159itom to nen\u00ed odnikud zase a\u017e tak daleko a mohou se tam vydat v\u0161ichni na\u0161inci bez v\u00fdjimky. A co mohou doty\u010dn\u00ed, tedy klidn\u011b i vy, od Beskyd o\u010dek\u00e1vat? Nap\u0159\u00edklad kr\u00e1snou krajinu. Nebo ide\u00e1ln\u00ed podm\u00ednky pro ly\u017eov\u00e1n\u00ed, nebo p\u011b\u0161\u00ed, cyklistickou nebo zimn\u00ed turistiku, nebo t\u0159eba i penzion Beskydy s polopenz\u00ed, kter\u00fd pom\u00e1h\u00e1 d\u011blat pobyt v t\u011bchto m\u00edstech dokonal\u00fdm.V tomto penzionu se d\u00e1 nal\u00e9zt v\u0161e, co jak\u00fdkoliv turista pot\u0159ebuje ke sv\u00e9 naprost\u00e9 spokojenosti. Najde se tu samoz\u0159ejm\u011b modern\u00ed koupelna se sprchou a toaletou, stejn\u011b jako romantick\u00e1 podkrovn\u00ed lo\u017enice \u010di pln\u011b vybaven\u00e1 kuchy\u0148ka s j\u00eddeln\u00edm koutem. D\u00e1 se tu vyu\u017e\u00edvat i wellness v\u00ed\u0159ivka a finsk\u00e1 sauna, i stylov\u00e1 restaurace nab\u00edzej\u00edc\u00ed mo\u017enost polopenze. A nemohou chyb\u011bt ani h\u0159i\u0161t\u011b a koutek pro d\u011bti, beachvolejbalov\u00fd kurt a dal\u0161\u00ed vymo\u017eenosti, d\u00edky nim\u017e tu stoj\u00ed pobyt za to. A tak si to tu u\u017eij\u00ed jak p\u00e1ry, tak i rodiny s d\u011btmi. U\u017eij\u00ed si to tu v klidu, stranou masov\u00e9 turistiky, kter\u00e1 by jim jinde mohla znep\u0159\u00edjem\u0148ovat \u017eivot. A o to p\u0159ece tolika z n\u00e1s jde!                                                                                                                                                                                                                                                                                                                                                                                          4.6\/5 - (10 votes)        "},{"@context":"https:\/\/schema.org\/","@type":"BreadcrumbList","itemListElement":[{"@type":"ListItem","position":1,"name":"V Beskydech je kr\u00e1sn\u011b","item":"https:\/\/www.spero.cz\/v-beskydech-je-krasne\/#breadcrumbitem"}]}]