[{"@context":"https:\/\/schema.org\/","@type":"Article","@id":"https:\/\/www.spero.cz\/pripravte-se-na-maskarni-stylove-a-predevsim-presvedcive\/#Article","mainEntityOfPage":"https:\/\/www.spero.cz\/pripravte-se-na-maskarni-stylove-a-predevsim-presvedcive\/","headline":"P\u0159ipravte se na ma\u0161karn\u00ed stylov\u011b a p\u0159edev\u0161\u00edm p\u0159esv\u011bd\u010div\u011b","name":"P\u0159ipravte se na ma\u0161karn\u00ed stylov\u011b a p\u0159edev\u0161\u00edm p\u0159esv\u011bd\u010div\u011b","description":"Na ka\u017edou ma\u0161karn\u00ed party je zapot\u0159eb\u00ed, abyste se d\u016fkladn\u011b p\u0159ipravili. Nejenom, \u017ee mus\u00edte m\u00edt spr\u00e1vnou masku, ale mus\u00ed b\u00fdt tak\u00e9 kvalitn\u00ed a opravdu p\u0159esv\u011bd\u010div\u00e1. Jenom tak m\u016f\u017eete na stra\u0161ideln\u00e9 party opravdu zaz\u00e1\u0159it. Pokud je\u0161t\u011b nem\u00e1te tu spr\u00e1vnou masku, tak nev\u00e1hejte a vyb\u00edrejte u n\u00e1s halloween kost\u00fdm, kter\u00fd v\u00e1m poskytne maxim\u00e1ln\u00ed","datePublished":"2024-10-31","dateModified":"2024-10-31","author":{"@type":"Person","@id":"https:\/\/www.spero.cz\/author\/#Person","name":"","url":"https:\/\/www.spero.cz\/author\/","identifier":1,"image":{"@type":"ImageObject","@id":"https:\/\/secure.gravatar.com\/avatar\/383247cd769f7ac317a5bcda943ec48a3c79d996598ae4564ec21a0e178126d1?s=96&d=mm&r=g","url":"https:\/\/secure.gravatar.com\/avatar\/383247cd769f7ac317a5bcda943ec48a3c79d996598ae4564ec21a0e178126d1?s=96&d=mm&r=g","height":96,"width":96}},"publisher":{"@type":"Organization","name":"spero.cz","logo":{"@type":"ImageObject","@id":"\/logo.png","url":"\/logo.png","width":600,"height":60}},"url":"https:\/\/www.spero.cz\/pripravte-se-na-maskarni-stylove-a-predevsim-presvedcive\/","wordCount":244,"articleBody":"\tNa ka\u017edou ma\u0161karn\u00ed party je zapot\u0159eb\u00ed, abyste se d\u016fkladn\u011b p\u0159ipravili. Nejenom, \u017ee mus\u00edte m\u00edt spr\u00e1vnou masku, ale mus\u00ed b\u00fdt tak\u00e9 kvalitn\u00ed a opravdu p\u0159esv\u011bd\u010div\u00e1. Jenom tak m\u016f\u017eete na stra\u0161ideln\u00e9 party opravdu zaz\u00e1\u0159it. Pokud je\u0161t\u011b nem\u00e1te tu spr\u00e1vnou masku, tak nev\u00e1hejte a vyb\u00edrejte u n\u00e1s halloween kost\u00fdm, kter\u00fd v\u00e1m poskytne maxim\u00e1ln\u00ed komfort a kvalitu. Jenom d\u00edky n\u011bmu se va\u0161e party stane v\u00fdjime\u010dn\u00e1, a vy si ji budete moci u\u017e\u00edt opravdu na plno. Tak nev\u00e1hejte a p\u0159ipravte se na stra\u0161idelnou party stylov\u011b a p\u0159esv\u011bd\u010div\u011b. S\u00a0na\u0161\u00ed pomoc\u00ed to dok\u00e1\u017eete snadno.\tV\u00a0na\u0161em oble\u010den\u00ed na\u017eenete strach opravdu ka\u017ed\u00e9muChyst\u00e1te se na ma\u0161karn\u00ed, kter\u00e9 bude samo o sob\u011b stra\u0161ideln\u00e9, a moc byste si p\u0159\u00e1li, aby i vy jste byli pekeln\u011b stra\u0161ideln\u00ed, jen nev\u00edte, kde takovou masku sehnat? U n\u00e1s jste na tom spr\u00e1vn\u00e9m m\u00edst\u011b, proto\u017ee my v\u00e1m nab\u00eddneme halloween kost\u00fdm, na kter\u00fd nikdo nezapomene. Jenom s\u00a0na\u0161\u00ed pomoc\u00ed m\u016f\u017eete nahnat strach ka\u017ed\u00e9mu, kdo v\u00e1s spat\u0159\u00ed, a to za tu z\u00e1bavu p\u0159eci stoj\u00ed, ne? Tak toho nev\u00e1hejte vyu\u017e\u00edt a obl\u00e9kn\u011bte se na tak speci\u00e1ln\u00ed akci pr\u00e1v\u011b u n\u00e1s.                                                                                                                                                                                                                                                                                                                                                                                        5\/5 - (2 votes)        "},{"@context":"https:\/\/schema.org\/","@type":"BreadcrumbList","itemListElement":[{"@type":"ListItem","position":1,"name":"P\u0159ipravte se na ma\u0161karn\u00ed stylov\u011b a p\u0159edev\u0161\u00edm p\u0159esv\u011bd\u010div\u011b","item":"https:\/\/www.spero.cz\/pripravte-se-na-maskarni-stylove-a-predevsim-presvedcive\/#breadcrumbitem"}]}]