[{"@context":"https:\/\/schema.org\/","@type":"Article","@id":"https:\/\/www.spero.cz\/poznejte-covid-hned\/#Article","mainEntityOfPage":"https:\/\/www.spero.cz\/poznejte-covid-hned\/","headline":"Poznejte covid hned","name":"Poznejte covid hned","description":"\u017de covid nen\u00ed p\u0159\u00edjemn\u00e1 nemoc se na vlastn\u00ed k\u016f\u017ei p\u0159esv\u011bd\u010dila naprost\u00e1 v\u011bt\u0161ina lid\u00ed. V posledn\u00edch t\u0159ech letech nen\u00ed snad nikdo, kdo by tuto nemoc nechytil. Jej\u00ed nejv\u011bt\u0161\u00ed probl\u00e9m je v tom, \u017ee se d\u00e1 snadno spl\u00e9st s b\u011b\u017en\u00fdm nachlazen\u00edm nebo ch\u0159ipkou, a zat\u00edmco t\u0159eba pr\u00e1v\u011b ch\u0159ipka m\u00edv\u00e1 u v\u0161ech naka\u017een\u00fdch","datePublished":"2024-02-13","dateModified":"2024-02-13","author":{"@type":"Person","@id":"https:\/\/www.spero.cz\/author\/#Person","name":"","url":"https:\/\/www.spero.cz\/author\/","identifier":1,"image":{"@type":"ImageObject","@id":"https:\/\/secure.gravatar.com\/avatar\/383247cd769f7ac317a5bcda943ec48a3c79d996598ae4564ec21a0e178126d1?s=96&d=mm&r=g","url":"https:\/\/secure.gravatar.com\/avatar\/383247cd769f7ac317a5bcda943ec48a3c79d996598ae4564ec21a0e178126d1?s=96&d=mm&r=g","height":96,"width":96}},"publisher":{"@type":"Organization","name":"spero.cz","logo":{"@type":"ImageObject","@id":"\/logo.png","url":"\/logo.png","width":600,"height":60}},"image":{"@type":"ImageObject","@id":"https:\/\/www.spero.cz\/wp-content\/uploads\/covid-6517476_640_10.jpg","url":"https:\/\/www.spero.cz\/wp-content\/uploads\/covid-6517476_640_10.jpg","height":0,"width":0},"url":"https:\/\/www.spero.cz\/poznejte-covid-hned\/","about":["Podnik\u00e1n\u00ed"],"wordCount":420,"articleBody":"   \u017de covid nen\u00ed p\u0159\u00edjemn\u00e1 nemoc se na vlastn\u00ed k\u016f\u017ei p\u0159esv\u011bd\u010dila naprost\u00e1 v\u011bt\u0161ina lid\u00ed. V posledn\u00edch t\u0159ech letech nen\u00ed snad nikdo, kdo by tuto nemoc nechytil. Jej\u00ed nejv\u011bt\u0161\u00ed probl\u00e9m je v tom, \u017ee se d\u00e1 snadno spl\u00e9st s b\u011b\u017en\u00fdm nachlazen\u00edm nebo ch\u0159ipkou, a zat\u00edmco t\u0159eba pr\u00e1v\u011b ch\u0159ipka m\u00edv\u00e1 u v\u0161ech naka\u017een\u00fdch osob stejn\u00fd pr\u016fb\u011bh, u covidu je to jinak. N\u011bkdo m\u011bl jen bolesti hlavy, n\u011bkdo m\u011bl b\u011b\u017en\u00e9 nachlazen\u00ed a u n\u011bkoho se projevil jako z\u00e1pal plic. Mnoho lid\u00ed bojovalo o \u017eivot a mnoho z nich sv\u016fj boj prohr\u00e1lo.Zd\u00e1lo se, \u017ee d\u00edky p\u0159\u00edsn\u00fdm opat\u0159en\u00edm a o\u010dkov\u00e1n\u00ed se poda\u0159ilo covid vym\u00fdtit, ale nen\u00ed to tak. Do\u0161lo k jeho za\u0159azen\u00ed mez b\u011b\u017en\u00e9 respira\u010dn\u00ed nemoci, a setk\u00e1v\u00e1me se s n\u00edm st\u00e1le. Mnoho lid\u00ed se nechalo nao\u010dkovat, a pokud chce m\u00edt n\u011bkdo jistotu \u017ee tuto nemoc nem\u00e1, nezb\u00fdv\u00e1 mu nic jin\u00e9ho ne\u017e st\u00e1le pou\u017e\u00edvat antigenn\u00ed testy. Je to jedin\u00e1 spolehliv\u00e1 metoda jak zjistit okam\u017eit\u011b a s vysokou p\u0159esnost\u00ed, zda n\u00e1hodou covid nem\u00e1te.Podzim a zima jsou pln\u00e9 nemoc\u00ed Podzimn\u00ed a zimn\u00ed obdob\u00ed znamenaj\u00ed jedin\u00e9 &#8211; \u0159\u00e1d\u00ed respira\u010dn\u00ed onemocn\u011bn\u00ed, a to i ta, kter\u00e1 se u n\u00e1s nevyskytovala des\u00edtky let. Jde hlavn\u011b o tuberkul\u00f3zu a \u010dern\u00fd ka\u0161el, proti kter\u00fdm se t\u00e9\u017e povinn\u011b o\u010dkovalo. Tyto nemoci jsou mnohem z\u00e1va\u017en\u011bj\u0161\u00ed ne\u017e covid, ale ani covid nen\u00ed radno podce\u0148ovat. Pokud m\u00e1te ve sv\u00e9m okol\u00ed n\u011bkoho star\u0161\u00edho nebo s chronick\u00fdm onemocn\u011bn\u00edm, je pro tyto osoby st\u00e1le covid velkou hrozbou, p\u0159ed kterou je lze chr\u00e1nit jedin\u011b p\u0159eru\u0161en\u00edm styku v p\u0159\u00edpad\u011b nemoci.P\u0159\u00edtomnosti covidu ve sv\u00e9m t\u011ble zjist\u00edte jedin\u011b proveden\u00edm testu. Kdy\u017e byla pandemie v pln\u00e9 s\u00edle, byly testy povinn\u011b na\u0159\u00edzeny ministerstvem, a dnes u\u017e je tato povinnost minulost\u00ed. P\u0159esto bychom ale m\u011bli b\u00fdt st\u00e1le opatrn\u00ed a je lep\u0161\u00ed m\u00edt testy doma pro p\u0159\u00edpad \u017ee byste je museli pou\u017e\u00edt. Ud\u011blejte si z\u00e1sobu kvalitn\u00edch test\u016f kter\u00e9 si m\u016f\u017eete doma ud\u011blat neinvazivn\u00edm zp\u016fsobem &#8211; st\u011brem z nosu, co\u017e v\u00e1s bolet nebude.                                                                                                                                                                                                                                                                                                                                                                                          3.5\/5 - (4 votes)        "},{"@context":"https:\/\/schema.org\/","@type":"BreadcrumbList","itemListElement":[{"@type":"ListItem","position":1,"name":"Poznejte covid hned","item":"https:\/\/www.spero.cz\/poznejte-covid-hned\/#breadcrumbitem"}]}]