[{"@context":"https:\/\/schema.org\/","@type":"Blog","@id":"https:\/\/www.spero.cz#Blog","headline":"Sp\u00e9ro","description":"\nPot\u0159ebujete naj\u00edt n\u011bjak\u00fd web, kter\u00fd by v\u00e1m poskytl v\u00a0nouzi neoceniteln\u00e9 slu\u017eby? Pak v\u00e1m m\u016f\u017eeme gratulovat. Pr\u00e1v\u011b jste ho \u2013 tedy ten n\u00e1\u0161 \u2013 na\u0161li.","url":"https:\/\/www.spero.cz","hasPart":[{"@type":"Article","@id":"https:\/\/www.spero.cz\/mravenci-a-my\/","headline":"Mravenci a my","url":"https:\/\/www.spero.cz\/mravenci-a-my\/","datePublished":"2024-11-27","dateModified":"2024-11-27","mainEntityOfPage":"https:\/\/www.spero.cz\/mravenci-a-my\/","author":{"@type":"Person","@id":"https:\/\/www.spero.cz\/author\/#Person","name":"","url":"https:\/\/www.spero.cz\/author\/","identifier":1,"image":{"@type":"ImageObject","@id":"https:\/\/secure.gravatar.com\/avatar\/383247cd769f7ac317a5bcda943ec48a3c79d996598ae4564ec21a0e178126d1?s=96&d=mm&r=g","url":"https:\/\/secure.gravatar.com\/avatar\/383247cd769f7ac317a5bcda943ec48a3c79d996598ae4564ec21a0e178126d1?s=96&d=mm&r=g","height":96,"width":96}},"publisher":{"@type":"Organization","name":"spero.cz","logo":{"@type":"ImageObject","@id":"\/logo.png","url":"\/logo.png","width":600,"height":60}},"image":{"@type":"ImageObject","@id":"https:\/\/www.spero.cz\/wp-content\/uploads\/ant-1350089_640.jpg","url":"https:\/\/www.spero.cz\/wp-content\/uploads\/ant-1350089_640.jpg","height":0,"width":0},"wordCount":607,"keywords":null},{"@type":"Article","@id":"https:\/\/www.spero.cz\/snadno-je-otevrete\/","headline":"Snadno je otev\u0159ete!","url":"https:\/\/www.spero.cz\/snadno-je-otevrete\/","datePublished":"2024-11-19","dateModified":"2024-11-19","mainEntityOfPage":"https:\/\/www.spero.cz\/snadno-je-otevrete\/","author":{"@type":"Person","@id":"https:\/\/www.spero.cz\/author\/#Person","name":"","url":"https:\/\/www.spero.cz\/author\/","identifier":1,"image":{"@type":"ImageObject","@id":"https:\/\/secure.gravatar.com\/avatar\/383247cd769f7ac317a5bcda943ec48a3c79d996598ae4564ec21a0e178126d1?s=96&d=mm&r=g","url":"https:\/\/secure.gravatar.com\/avatar\/383247cd769f7ac317a5bcda943ec48a3c79d996598ae4564ec21a0e178126d1?s=96&d=mm&r=g","height":96,"width":96}},"publisher":{"@type":"Organization","name":"spero.cz","logo":{"@type":"ImageObject","@id":"\/logo.png","url":"\/logo.png","width":600,"height":60}},"image":null,"wordCount":220,"keywords":null},{"@type":"Article","@id":"https:\/\/www.spero.cz\/kvalitni-sluzby-ktere-stoji-za-to\/","headline":"Kvalitn\u00ed slu\u017eby, kter\u00e9 stoj\u00ed za to","url":"https:\/\/www.spero.cz\/kvalitni-sluzby-ktere-stoji-za-to\/","datePublished":"2024-11-12","dateModified":"2024-11-12","mainEntityOfPage":"https:\/\/www.spero.cz\/kvalitni-sluzby-ktere-stoji-za-to\/","author":{"@type":"Person","@id":"https:\/\/www.spero.cz\/author\/#Person","name":"","url":"https:\/\/www.spero.cz\/author\/","identifier":1,"image":{"@type":"ImageObject","@id":"https:\/\/secure.gravatar.com\/avatar\/383247cd769f7ac317a5bcda943ec48a3c79d996598ae4564ec21a0e178126d1?s=96&d=mm&r=g","url":"https:\/\/secure.gravatar.com\/avatar\/383247cd769f7ac317a5bcda943ec48a3c79d996598ae4564ec21a0e178126d1?s=96&d=mm&r=g","height":96,"width":96}},"publisher":{"@type":"Organization","name":"spero.cz","logo":{"@type":"ImageObject","@id":"\/logo.png","url":"\/logo.png","width":600,"height":60}},"image":null,"wordCount":208,"keywords":null},{"@type":"Article","@id":"https:\/\/www.spero.cz\/co-vas-nauci-v-prazske-autoskole\/","headline":"Co v\u00e1s nau\u010d\u00ed v pra\u017esk\u00e9 auto\u0161kole","url":"https:\/\/www.spero.cz\/co-vas-nauci-v-prazske-autoskole\/","datePublished":"2024-11-10","dateModified":"2024-11-10","mainEntityOfPage":"https:\/\/www.spero.cz\/co-vas-nauci-v-prazske-autoskole\/","author":{"@type":"Person","@id":"https:\/\/www.spero.cz\/author\/#Person","name":"","url":"https:\/\/www.spero.cz\/author\/","identifier":1,"image":{"@type":"ImageObject","@id":"https:\/\/secure.gravatar.com\/avatar\/383247cd769f7ac317a5bcda943ec48a3c79d996598ae4564ec21a0e178126d1?s=96&d=mm&r=g","url":"https:\/\/secure.gravatar.com\/avatar\/383247cd769f7ac317a5bcda943ec48a3c79d996598ae4564ec21a0e178126d1?s=96&d=mm&r=g","height":96,"width":96}},"publisher":{"@type":"Organization","name":"spero.cz","logo":{"@type":"ImageObject","@id":"\/logo.png","url":"\/logo.png","width":600,"height":60}},"image":{"@type":"ImageObject","@id":"https:\/\/www.spero.cz\/wp-content\/uploads\/road-track-6874080_640_4.jpg","url":"https:\/\/www.spero.cz\/wp-content\/uploads\/road-track-6874080_640_4.jpg","height":0,"width":0},"wordCount":641,"keywords":null},{"@type":"Article","@id":"https:\/\/www.spero.cz\/nekdy-to-bez-pujcky-nejde\/","headline":"N\u011bkdy to bez p\u016fj\u010dky nejde","url":"https:\/\/www.spero.cz\/nekdy-to-bez-pujcky-nejde\/","datePublished":"2024-11-09","dateModified":"2024-11-09","mainEntityOfPage":"https:\/\/www.spero.cz\/nekdy-to-bez-pujcky-nejde\/","author":{"@type":"Person","@id":"https:\/\/www.spero.cz\/author\/#Person","name":"","url":"https:\/\/www.spero.cz\/author\/","identifier":1,"image":{"@type":"ImageObject","@id":"https:\/\/secure.gravatar.com\/avatar\/383247cd769f7ac317a5bcda943ec48a3c79d996598ae4564ec21a0e178126d1?s=96&d=mm&r=g","url":"https:\/\/secure.gravatar.com\/avatar\/383247cd769f7ac317a5bcda943ec48a3c79d996598ae4564ec21a0e178126d1?s=96&d=mm&r=g","height":96,"width":96}},"publisher":{"@type":"Organization","name":"spero.cz","logo":{"@type":"ImageObject","@id":"\/logo.png","url":"\/logo.png","width":600,"height":60}},"image":{"@type":"ImageObject","@id":"https:\/\/www.spero.cz\/wp-content\/uploads\/ppppppppppppppppppppppppppppppppppppppppppppppp_8.jpg","url":"https:\/\/www.spero.cz\/wp-content\/uploads\/ppppppppppppppppppppppppppppppppppppppppppppppp_8.jpg","height":0,"width":0},"wordCount":636,"keywords":null},{"@type":"Article","@id":"https:\/\/www.spero.cz\/zahodte-igelitku-a-nahradte-ji-textilni-taskou\/","headline":"Zaho\u010fte igelitku a nahra\u010fte ji textiln\u00ed ta\u0161kou","url":"https:\/\/www.spero.cz\/zahodte-igelitku-a-nahradte-ji-textilni-taskou\/","datePublished":"2024-11-05","dateModified":"2024-11-05","mainEntityOfPage":"https:\/\/www.spero.cz\/zahodte-igelitku-a-nahradte-ji-textilni-taskou\/","author":{"@type":"Person","@id":"https:\/\/www.spero.cz\/author\/#Person","name":"","url":"https:\/\/www.spero.cz\/author\/","identifier":1,"image":{"@type":"ImageObject","@id":"https:\/\/secure.gravatar.com\/avatar\/383247cd769f7ac317a5bcda943ec48a3c79d996598ae4564ec21a0e178126d1?s=96&d=mm&r=g","url":"https:\/\/secure.gravatar.com\/avatar\/383247cd769f7ac317a5bcda943ec48a3c79d996598ae4564ec21a0e178126d1?s=96&d=mm&r=g","height":96,"width":96}},"publisher":{"@type":"Organization","name":"spero.cz","logo":{"@type":"ImageObject","@id":"\/logo.png","url":"\/logo.png","width":600,"height":60}},"image":null,"wordCount":287,"keywords":null},{"@type":"Article","@id":"https:\/\/www.spero.cz\/pripravte-se-na-maskarni-stylove-a-predevsim-presvedcive\/","headline":"P\u0159ipravte se na ma\u0161karn\u00ed stylov\u011b a p\u0159edev\u0161\u00edm p\u0159esv\u011bd\u010div\u011b","url":"https:\/\/www.spero.cz\/pripravte-se-na-maskarni-stylove-a-predevsim-presvedcive\/","datePublished":"2024-10-31","dateModified":"2024-10-31","mainEntityOfPage":"https:\/\/www.spero.cz\/pripravte-se-na-maskarni-stylove-a-predevsim-presvedcive\/","author":{"@type":"Person","@id":"https:\/\/www.spero.cz\/author\/#Person","name":"","url":"https:\/\/www.spero.cz\/author\/","identifier":1,"image":{"@type":"ImageObject","@id":"https:\/\/secure.gravatar.com\/avatar\/383247cd769f7ac317a5bcda943ec48a3c79d996598ae4564ec21a0e178126d1?s=96&d=mm&r=g","url":"https:\/\/secure.gravatar.com\/avatar\/383247cd769f7ac317a5bcda943ec48a3c79d996598ae4564ec21a0e178126d1?s=96&d=mm&r=g","height":96,"width":96}},"publisher":{"@type":"Organization","name":"spero.cz","logo":{"@type":"ImageObject","@id":"\/logo.png","url":"\/logo.png","width":600,"height":60}},"image":null,"wordCount":288,"keywords":null},{"@type":"Article","@id":"https:\/\/www.spero.cz\/v-beskydech-je-krasne\/","headline":"V Beskydech je kr\u00e1sn\u011b","url":"https:\/\/www.spero.cz\/v-beskydech-je-krasne\/","datePublished":"2024-10-25","dateModified":"2024-10-25","mainEntityOfPage":"https:\/\/www.spero.cz\/v-beskydech-je-krasne\/","author":{"@type":"Person","@id":"https:\/\/www.spero.cz\/author\/#Person","name":"","url":"https:\/\/www.spero.cz\/author\/","identifier":1,"image":{"@type":"ImageObject","@id":"https:\/\/secure.gravatar.com\/avatar\/383247cd769f7ac317a5bcda943ec48a3c79d996598ae4564ec21a0e178126d1?s=96&d=mm&r=g","url":"https:\/\/secure.gravatar.com\/avatar\/383247cd769f7ac317a5bcda943ec48a3c79d996598ae4564ec21a0e178126d1?s=96&d=mm&r=g","height":96,"width":96}},"publisher":{"@type":"Organization","name":"spero.cz","logo":{"@type":"ImageObject","@id":"\/logo.png","url":"\/logo.png","width":600,"height":60}},"image":{"@type":"ImageObject","@id":"https:\/\/www.spero.cz\/wp-content\/uploads\/besk.jpg","url":"https:\/\/www.spero.cz\/wp-content\/uploads\/besk.jpg","height":0,"width":0},"wordCount":594,"keywords":null},{"@type":"Article","@id":"https:\/\/www.spero.cz\/mate-uz-vlastni-bazen\/","headline":"M\u00e1te u\u017e vlastn\u00ed baz\u00e9n?","url":"https:\/\/www.spero.cz\/mate-uz-vlastni-bazen\/","datePublished":"2024-10-21","dateModified":"2024-10-21","mainEntityOfPage":"https:\/\/www.spero.cz\/mate-uz-vlastni-bazen\/","author":{"@type":"Person","@id":"https:\/\/www.spero.cz\/author\/#Person","name":"","url":"https:\/\/www.spero.cz\/author\/","identifier":1,"image":{"@type":"ImageObject","@id":"https:\/\/secure.gravatar.com\/avatar\/383247cd769f7ac317a5bcda943ec48a3c79d996598ae4564ec21a0e178126d1?s=96&d=mm&r=g","url":"https:\/\/secure.gravatar.com\/avatar\/383247cd769f7ac317a5bcda943ec48a3c79d996598ae4564ec21a0e178126d1?s=96&d=mm&r=g","height":96,"width":96}},"publisher":{"@type":"Organization","name":"spero.cz","logo":{"@type":"ImageObject","@id":"\/logo.png","url":"\/logo.png","width":600,"height":60}},"image":{"@type":"ImageObject","@id":"https:\/\/www.spero.cz\/wp-content\/uploads\/bbbbbbbbbbbbbbbbbbbbbb_4.jpg","url":"https:\/\/www.spero.cz\/wp-content\/uploads\/bbbbbbbbbbbbbbbbbbbbbb_4.jpg","height":0,"width":0},"wordCount":625,"keywords":null},{"@type":"Article","@id":"https:\/\/www.spero.cz\/odpovednost-a-autonomie-vam-chybi-naucte-se-jich-na-vzdelavacim-kurzu\/","headline":"Odpov\u011bdnost a autonomie V\u00e1m chyb\u00ed? Nau\u010dte se jich na vzd\u011bl\u00e1vac\u00edm kurzu","url":"https:\/\/www.spero.cz\/odpovednost-a-autonomie-vam-chybi-naucte-se-jich-na-vzdelavacim-kurzu\/","datePublished":"2024-10-21","dateModified":"2024-10-21","mainEntityOfPage":"https:\/\/www.spero.cz\/odpovednost-a-autonomie-vam-chybi-naucte-se-jich-na-vzdelavacim-kurzu\/","author":{"@type":"Person","@id":"https:\/\/www.spero.cz\/author\/#Person","name":"","url":"https:\/\/www.spero.cz\/author\/","identifier":1,"image":{"@type":"ImageObject","@id":"https:\/\/secure.gravatar.com\/avatar\/383247cd769f7ac317a5bcda943ec48a3c79d996598ae4564ec21a0e178126d1?s=96&d=mm&r=g","url":"https:\/\/secure.gravatar.com\/avatar\/383247cd769f7ac317a5bcda943ec48a3c79d996598ae4564ec21a0e178126d1?s=96&d=mm&r=g","height":96,"width":96}},"publisher":{"@type":"Organization","name":"spero.cz","logo":{"@type":"ImageObject","@id":"\/logo.png","url":"\/logo.png","width":600,"height":60}},"image":null,"wordCount":289,"keywords":null}]},{"@context":"https:\/\/schema.org","@type":"WebSite","@id":"https:\/\/www.spero.cz\/#website","name":"Sp\u00e9ro","url":"https:\/\/www.spero.cz","potentialAction":{"@type":"SearchAction","target":"https:\/\/www.spero.cz\/?s={search_term_string}","query-input":"required name=search_term_string"}}]