[{"@context":"https:\/\/schema.org\/","@type":"Blog","@id":"https:\/\/www.spero.cz#Blog","headline":"Sp\u00e9ro","description":"\nPot\u0159ebujete naj\u00edt n\u011bjak\u00fd web, kter\u00fd by v\u00e1m poskytl v\u00a0nouzi neoceniteln\u00e9 slu\u017eby? Pak v\u00e1m m\u016f\u017eeme gratulovat. Pr\u00e1v\u011b jste ho \u2013 tedy ten n\u00e1\u0161 \u2013 na\u0161li.","url":"https:\/\/www.spero.cz","hasPart":[{"@type":"Article","@id":"https:\/\/www.spero.cz\/pripravky-na-bazi-chlorove-chemie-chlor-sok-likviduji-rasy-sinice-a-mikrobialni-infekci\/","headline":"P\u0159\u00edpravky na b\u00e1zi chlorov\u00e9 chemie Chlor \u0161ok likviduj\u00ed \u0159asy, sinice a mikrobi\u00e1ln\u00ed infekci","url":"https:\/\/www.spero.cz\/pripravky-na-bazi-chlorove-chemie-chlor-sok-likviduji-rasy-sinice-a-mikrobialni-infekci\/","datePublished":"2018-05-24","dateModified":"2023-05-03","mainEntityOfPage":"https:\/\/www.spero.cz\/pripravky-na-bazi-chlorove-chemie-chlor-sok-likviduji-rasy-sinice-a-mikrobialni-infekci\/","author":{"@type":"Person","@id":"https:\/\/www.spero.cz\/author\/#Person","name":"","url":"https:\/\/www.spero.cz\/author\/","identifier":1,"image":{"@type":"ImageObject","@id":"https:\/\/secure.gravatar.com\/avatar\/383247cd769f7ac317a5bcda943ec48a3c79d996598ae4564ec21a0e178126d1?s=96&d=mm&r=g","url":"https:\/\/secure.gravatar.com\/avatar\/383247cd769f7ac317a5bcda943ec48a3c79d996598ae4564ec21a0e178126d1?s=96&d=mm&r=g","height":96,"width":96}},"publisher":{"@type":"Organization","name":"spero.cz","logo":{"@type":"ImageObject","@id":"\/logo.png","url":"\/logo.png","width":600,"height":60}},"image":{"@type":"ImageObject","@id":"https:\/\/www.spero.cz\/wp-content\/uploads\/img_a317037_w2435_t1527771885.jpg","url":"https:\/\/www.spero.cz\/wp-content\/uploads\/img_a317037_w2435_t1527771885.jpg","height":0,"width":0},"wordCount":4501,"keywords":null},{"@type":"Article","@id":"https:\/\/www.spero.cz\/ze-selvintech-recenzi-zjistite-kdo-pro-tuto-firmu-pracuje-a-je-spokojeny\/","headline":"Ze selvintech recenz\u00ed zjist\u00edte, kdo pro tuto firmu pracuje a je spokojen\u00fd","url":"https:\/\/www.spero.cz\/ze-selvintech-recenzi-zjistite-kdo-pro-tuto-firmu-pracuje-a-je-spokojeny\/","datePublished":"2018-05-17","dateModified":"2023-08-17","mainEntityOfPage":"https:\/\/www.spero.cz\/ze-selvintech-recenzi-zjistite-kdo-pro-tuto-firmu-pracuje-a-je-spokojeny\/","author":{"@type":"Person","@id":"https:\/\/www.spero.cz\/author\/#Person","name":"","url":"https:\/\/www.spero.cz\/author\/","identifier":1,"image":{"@type":"ImageObject","@id":"https:\/\/secure.gravatar.com\/avatar\/383247cd769f7ac317a5bcda943ec48a3c79d996598ae4564ec21a0e178126d1?s=96&d=mm&r=g","url":"https:\/\/secure.gravatar.com\/avatar\/383247cd769f7ac317a5bcda943ec48a3c79d996598ae4564ec21a0e178126d1?s=96&d=mm&r=g","height":96,"width":96}},"publisher":{"@type":"Organization","name":"spero.cz","logo":{"@type":"ImageObject","@id":"\/logo.png","url":"\/logo.png","width":600,"height":60}},"image":{"@type":"ImageObject","@id":"https:\/\/www.spero.cz\/wp-content\/uploads\/img_a317593_w2281_t1528355523.jpg","url":"https:\/\/www.spero.cz\/wp-content\/uploads\/img_a317593_w2281_t1528355523.jpg","height":0,"width":0},"wordCount":544,"keywords":null},{"@type":"Article","@id":"https:\/\/www.spero.cz\/reklamni-tricka-zakaznici-miluji\/","headline":"Reklamn\u00ed tri\u010dka z\u00e1kazn\u00edci miluj\u00ed","url":"https:\/\/www.spero.cz\/reklamni-tricka-zakaznici-miluji\/","datePublished":"2018-01-11","dateModified":"2023-05-03","mainEntityOfPage":"https:\/\/www.spero.cz\/reklamni-tricka-zakaznici-miluji\/","author":{"@type":"Person","@id":"https:\/\/www.spero.cz\/author\/#Person","name":"","url":"https:\/\/www.spero.cz\/author\/","identifier":1,"image":{"@type":"ImageObject","@id":"https:\/\/secure.gravatar.com\/avatar\/383247cd769f7ac317a5bcda943ec48a3c79d996598ae4564ec21a0e178126d1?s=96&d=mm&r=g","url":"https:\/\/secure.gravatar.com\/avatar\/383247cd769f7ac317a5bcda943ec48a3c79d996598ae4564ec21a0e178126d1?s=96&d=mm&r=g","height":96,"width":96}},"publisher":{"@type":"Organization","name":"spero.cz","logo":{"@type":"ImageObject","@id":"\/logo.png","url":"\/logo.png","width":600,"height":60}},"image":{"@type":"ImageObject","@id":"https:\/\/www.spero.cz\/wp-content\/uploads\/img_a309407_w2195_t1520328688.png","url":"https:\/\/www.spero.cz\/wp-content\/uploads\/img_a309407_w2195_t1520328688.png","height":0,"width":0},"wordCount":618,"keywords":null},{"@type":"Article","@id":"https:\/\/www.spero.cz\/to-prave-pro-cistou-vodu\/","headline":"To prav\u00e9 pro \u010distou vodu","url":"https:\/\/www.spero.cz\/to-prave-pro-cistou-vodu\/","datePublished":"2017-12-05","dateModified":"2023-05-03","mainEntityOfPage":"https:\/\/www.spero.cz\/to-prave-pro-cistou-vodu\/","author":{"@type":"Person","@id":"https:\/\/www.spero.cz\/author\/#Person","name":"","url":"https:\/\/www.spero.cz\/author\/","identifier":1,"image":{"@type":"ImageObject","@id":"https:\/\/secure.gravatar.com\/avatar\/383247cd769f7ac317a5bcda943ec48a3c79d996598ae4564ec21a0e178126d1?s=96&d=mm&r=g","url":"https:\/\/secure.gravatar.com\/avatar\/383247cd769f7ac317a5bcda943ec48a3c79d996598ae4564ec21a0e178126d1?s=96&d=mm&r=g","height":96,"width":96}},"publisher":{"@type":"Organization","name":"spero.cz","logo":{"@type":"ImageObject","@id":"\/logo.png","url":"\/logo.png","width":600,"height":60}},"image":{"@type":"ImageObject","@id":"https:\/\/www.spero.cz\/wp-content\/uploads\/img_a312928_w2370_t1523628069.jpg","url":"https:\/\/www.spero.cz\/wp-content\/uploads\/img_a312928_w2370_t1523628069.jpg","height":0,"width":0},"wordCount":575,"keywords":null},{"@type":"Article","@id":"https:\/\/www.spero.cz\/hypoteka-je-dostupna-naprosto-vsem-zajemcum\/","headline":"Hypot\u00e9ka je dostupn\u00e1 naprosto v\u0161em z\u00e1jemc\u016fm","url":"https:\/\/www.spero.cz\/hypoteka-je-dostupna-naprosto-vsem-zajemcum\/","datePublished":"2017-11-10","dateModified":"2023-05-03","mainEntityOfPage":"https:\/\/www.spero.cz\/hypoteka-je-dostupna-naprosto-vsem-zajemcum\/","author":{"@type":"Person","@id":"https:\/\/www.spero.cz\/author\/#Person","name":"","url":"https:\/\/www.spero.cz\/author\/","identifier":1,"image":{"@type":"ImageObject","@id":"https:\/\/secure.gravatar.com\/avatar\/383247cd769f7ac317a5bcda943ec48a3c79d996598ae4564ec21a0e178126d1?s=96&d=mm&r=g","url":"https:\/\/secure.gravatar.com\/avatar\/383247cd769f7ac317a5bcda943ec48a3c79d996598ae4564ec21a0e178126d1?s=96&d=mm&r=g","height":96,"width":96}},"publisher":{"@type":"Organization","name":"spero.cz","logo":{"@type":"ImageObject","@id":"\/logo.png","url":"\/logo.png","width":600,"height":60}},"image":{"@type":"ImageObject","@id":"https:\/\/www.spero.cz\/wp-content\/uploads\/img_a304915_w1794_t1516173932.png","url":"https:\/\/www.spero.cz\/wp-content\/uploads\/img_a304915_w1794_t1516173932.png","height":0,"width":0},"wordCount":584,"keywords":null},{"@type":"Article","@id":"https:\/\/www.spero.cz\/nekdo-to-mozna-jeste-nezna\/","headline":"N\u011bkdo to mo\u017en\u00e1 je\u0161t\u011b nezn\u00e1","url":"https:\/\/www.spero.cz\/nekdo-to-mozna-jeste-nezna\/","datePublished":"2017-10-14","dateModified":"2023-05-03","mainEntityOfPage":"https:\/\/www.spero.cz\/nekdo-to-mozna-jeste-nezna\/","author":{"@type":"Person","@id":"https:\/\/www.spero.cz\/author\/#Person","name":"","url":"https:\/\/www.spero.cz\/author\/","identifier":1,"image":{"@type":"ImageObject","@id":"https:\/\/secure.gravatar.com\/avatar\/383247cd769f7ac317a5bcda943ec48a3c79d996598ae4564ec21a0e178126d1?s=96&d=mm&r=g","url":"https:\/\/secure.gravatar.com\/avatar\/383247cd769f7ac317a5bcda943ec48a3c79d996598ae4564ec21a0e178126d1?s=96&d=mm&r=g","height":96,"width":96}},"publisher":{"@type":"Organization","name":"spero.cz","logo":{"@type":"ImageObject","@id":"\/logo.png","url":"\/logo.png","width":600,"height":60}},"image":{"@type":"ImageObject","@id":"https:\/\/www.spero.cz\/wp-content\/uploads\/img_a310886_w2167_t1521807495.jpg","url":"https:\/\/www.spero.cz\/wp-content\/uploads\/img_a310886_w2167_t1521807495.jpg","height":0,"width":0},"wordCount":558,"keywords":null},{"@type":"Article","@id":"https:\/\/www.spero.cz\/zijte-kulturne\/","headline":"\u017dijte kulturn\u011b","url":"https:\/\/www.spero.cz\/zijte-kulturne\/","datePublished":"2016-09-22","dateModified":"2023-05-03","mainEntityOfPage":"https:\/\/www.spero.cz\/zijte-kulturne\/","author":{"@type":"Person","@id":"https:\/\/www.spero.cz\/author\/#Person","name":"","url":"https:\/\/www.spero.cz\/author\/","identifier":1,"image":{"@type":"ImageObject","@id":"https:\/\/secure.gravatar.com\/avatar\/383247cd769f7ac317a5bcda943ec48a3c79d996598ae4564ec21a0e178126d1?s=96&d=mm&r=g","url":"https:\/\/secure.gravatar.com\/avatar\/383247cd769f7ac317a5bcda943ec48a3c79d996598ae4564ec21a0e178126d1?s=96&d=mm&r=g","height":96,"width":96}},"publisher":{"@type":"Organization","name":"spero.cz","logo":{"@type":"ImageObject","@id":"\/logo.png","url":"\/logo.png","width":600,"height":60}},"image":{"@type":"ImageObject","@id":"https:\/\/www.spero.cz\/wp-content\/uploads\/img_a277230_w3792_t1599324123.jpg","url":"https:\/\/www.spero.cz\/wp-content\/uploads\/img_a277230_w3792_t1599324123.jpg","height":0,"width":0},"wordCount":497,"keywords":null}]},{"@context":"https:\/\/schema.org","@type":"WebSite","@id":"https:\/\/www.spero.cz\/#website","name":"Sp\u00e9ro","url":"https:\/\/www.spero.cz","potentialAction":{"@type":"SearchAction","target":"https:\/\/www.spero.cz\/?s={search_term_string}","query-input":"required name=search_term_string"}}]