[{"@context":"https:\/\/schema.org\/","@type":"Blog","@id":"https:\/\/www.spero.cz#Blog","headline":"Sp\u00e9ro","description":"\nPot\u0159ebujete naj\u00edt n\u011bjak\u00fd web, kter\u00fd by v\u00e1m poskytl v\u00a0nouzi neoceniteln\u00e9 slu\u017eby? Pak v\u00e1m m\u016f\u017eeme gratulovat. Pr\u00e1v\u011b jste ho \u2013 tedy ten n\u00e1\u0161 \u2013 na\u0161li.","url":"https:\/\/www.spero.cz","hasPart":[{"@type":"Article","@id":"https:\/\/www.spero.cz\/kde-najit-brigadu-na-leto\/","headline":"Kde naj\u00edt brig\u00e1du na l\u00e9to","url":"https:\/\/www.spero.cz\/kde-najit-brigadu-na-leto\/","datePublished":"2019-08-03","dateModified":"2023-05-03","mainEntityOfPage":"https:\/\/www.spero.cz\/kde-najit-brigadu-na-leto\/","author":{"@type":"Person","@id":"https:\/\/www.spero.cz\/author\/#Person","name":"","url":"https:\/\/www.spero.cz\/author\/","identifier":1,"image":{"@type":"ImageObject","@id":"https:\/\/secure.gravatar.com\/avatar\/383247cd769f7ac317a5bcda943ec48a3c79d996598ae4564ec21a0e178126d1?s=96&d=mm&r=g","url":"https:\/\/secure.gravatar.com\/avatar\/383247cd769f7ac317a5bcda943ec48a3c79d996598ae4564ec21a0e178126d1?s=96&d=mm&r=g","height":96,"width":96}},"publisher":{"@type":"Organization","name":"spero.cz","logo":{"@type":"ImageObject","@id":"\/logo.png","url":"\/logo.png","width":600,"height":60}},"image":{"@type":"ImageObject","@id":"https:\/\/www.spero.cz\/wp-content\/uploads\/img_a351960_w3792_t1566504814.jpg","url":"https:\/\/www.spero.cz\/wp-content\/uploads\/img_a351960_w3792_t1566504814.jpg","height":0,"width":0},"wordCount":4528,"keywords":null},{"@type":"Article","@id":"https:\/\/www.spero.cz\/potize-je-treba-resit-od-korenu\/","headline":"Pot\u00ed\u017ee je t\u0159eba \u0159e\u0161it od ko\u0159en\u016f","url":"https:\/\/www.spero.cz\/potize-je-treba-resit-od-korenu\/","datePublished":"2019-07-24","dateModified":"2023-09-02","mainEntityOfPage":"https:\/\/www.spero.cz\/potize-je-treba-resit-od-korenu\/","author":{"@type":"Person","@id":"https:\/\/www.spero.cz\/author\/#Person","name":"","url":"https:\/\/www.spero.cz\/author\/","identifier":1,"image":{"@type":"ImageObject","@id":"https:\/\/secure.gravatar.com\/avatar\/383247cd769f7ac317a5bcda943ec48a3c79d996598ae4564ec21a0e178126d1?s=96&d=mm&r=g","url":"https:\/\/secure.gravatar.com\/avatar\/383247cd769f7ac317a5bcda943ec48a3c79d996598ae4564ec21a0e178126d1?s=96&d=mm&r=g","height":96,"width":96}},"publisher":{"@type":"Organization","name":"spero.cz","logo":{"@type":"ImageObject","@id":"\/logo.png","url":"\/logo.png","width":600,"height":60}},"image":{"@type":"ImageObject","@id":"https:\/\/www.spero.cz\/wp-content\/uploads\/img_a352215_w1699_t1566799822.jpg","url":"https:\/\/www.spero.cz\/wp-content\/uploads\/img_a352215_w1699_t1566799822.jpg","height":0,"width":0},"wordCount":523,"keywords":null},{"@type":"Article","@id":"https:\/\/www.spero.cz\/do-ceho-byste-muzum-nemeli-mluvit\/","headline":"Do \u010deho byste mu\u017e\u016fm nem\u011bli mluvit","url":"https:\/\/www.spero.cz\/do-ceho-byste-muzum-nemeli-mluvit\/","datePublished":"2019-06-16","dateModified":"2023-05-03","mainEntityOfPage":"https:\/\/www.spero.cz\/do-ceho-byste-muzum-nemeli-mluvit\/","author":{"@type":"Person","@id":"https:\/\/www.spero.cz\/author\/#Person","name":"","url":"https:\/\/www.spero.cz\/author\/","identifier":1,"image":{"@type":"ImageObject","@id":"https:\/\/secure.gravatar.com\/avatar\/383247cd769f7ac317a5bcda943ec48a3c79d996598ae4564ec21a0e178126d1?s=96&d=mm&r=g","url":"https:\/\/secure.gravatar.com\/avatar\/383247cd769f7ac317a5bcda943ec48a3c79d996598ae4564ec21a0e178126d1?s=96&d=mm&r=g","height":96,"width":96}},"publisher":{"@type":"Organization","name":"spero.cz","logo":{"@type":"ImageObject","@id":"\/logo.png","url":"\/logo.png","width":600,"height":60}},"image":{"@type":"ImageObject","@id":"https:\/\/www.spero.cz\/wp-content\/uploads\/img_a347516_w2251_t1561895475.jpg","url":"https:\/\/www.spero.cz\/wp-content\/uploads\/img_a347516_w2251_t1561895475.jpg","height":0,"width":0},"wordCount":4543,"keywords":null},{"@type":"Article","@id":"https:\/\/www.spero.cz\/jak-na-sobe-zapracovat-s-trampolinou-366\/","headline":"Jak na sob\u011b zapracovat s trampol\u00ednou 366","url":"https:\/\/www.spero.cz\/jak-na-sobe-zapracovat-s-trampolinou-366\/","datePublished":"2019-06-15","dateModified":"2023-05-03","mainEntityOfPage":"https:\/\/www.spero.cz\/jak-na-sobe-zapracovat-s-trampolinou-366\/","author":{"@type":"Person","@id":"https:\/\/www.spero.cz\/author\/#Person","name":"","url":"https:\/\/www.spero.cz\/author\/","identifier":1,"image":{"@type":"ImageObject","@id":"https:\/\/secure.gravatar.com\/avatar\/383247cd769f7ac317a5bcda943ec48a3c79d996598ae4564ec21a0e178126d1?s=96&d=mm&r=g","url":"https:\/\/secure.gravatar.com\/avatar\/383247cd769f7ac317a5bcda943ec48a3c79d996598ae4564ec21a0e178126d1?s=96&d=mm&r=g","height":96,"width":96}},"publisher":{"@type":"Organization","name":"spero.cz","logo":{"@type":"ImageObject","@id":"\/logo.png","url":"\/logo.png","width":600,"height":60}},"image":{"@type":"ImageObject","@id":"https:\/\/www.spero.cz\/wp-content\/uploads\/img_a350313_w1733_t1565175452.jpg","url":"https:\/\/www.spero.cz\/wp-content\/uploads\/img_a350313_w1733_t1565175452.jpg","height":0,"width":0},"wordCount":631,"keywords":null},{"@type":"Article","@id":"https:\/\/www.spero.cz\/sklenice-na-kliceni\/","headline":"Sklenice na kl\u00ed\u010den\u00ed","url":"https:\/\/www.spero.cz\/sklenice-na-kliceni\/","datePublished":"2019-05-20","dateModified":"2019-05-20","mainEntityOfPage":"https:\/\/www.spero.cz\/sklenice-na-kliceni\/","author":{"@type":"Person","@id":"https:\/\/www.spero.cz\/author\/#Person","name":"","url":"https:\/\/www.spero.cz\/author\/","identifier":1,"image":{"@type":"ImageObject","@id":"https:\/\/secure.gravatar.com\/avatar\/383247cd769f7ac317a5bcda943ec48a3c79d996598ae4564ec21a0e178126d1?s=96&d=mm&r=g","url":"https:\/\/secure.gravatar.com\/avatar\/383247cd769f7ac317a5bcda943ec48a3c79d996598ae4564ec21a0e178126d1?s=96&d=mm&r=g","height":96,"width":96}},"publisher":{"@type":"Organization","name":"spero.cz","logo":{"@type":"ImageObject","@id":"\/logo.png","url":"\/logo.png","width":600,"height":60}},"image":{"@type":"ImageObject","@id":"https:\/\/www.spero.cz\/wp-content\/uploads\/img_a356766_w1928_t1571379658.jpg","url":"https:\/\/www.spero.cz\/wp-content\/uploads\/img_a356766_w1928_t1571379658.jpg","height":0,"width":0},"wordCount":535,"keywords":null},{"@type":"Article","@id":"https:\/\/www.spero.cz\/kdyz-firma-potrebuje-penize\/","headline":"Kdy\u017e firma pot\u0159ebuje pen\u00edze","url":"https:\/\/www.spero.cz\/kdyz-firma-potrebuje-penize\/","datePublished":"2019-04-23","dateModified":"2023-05-03","mainEntityOfPage":"https:\/\/www.spero.cz\/kdyz-firma-potrebuje-penize\/","author":{"@type":"Person","@id":"https:\/\/www.spero.cz\/author\/#Person","name":"","url":"https:\/\/www.spero.cz\/author\/","identifier":1,"image":{"@type":"ImageObject","@id":"https:\/\/secure.gravatar.com\/avatar\/383247cd769f7ac317a5bcda943ec48a3c79d996598ae4564ec21a0e178126d1?s=96&d=mm&r=g","url":"https:\/\/secure.gravatar.com\/avatar\/383247cd769f7ac317a5bcda943ec48a3c79d996598ae4564ec21a0e178126d1?s=96&d=mm&r=g","height":96,"width":96}},"publisher":{"@type":"Organization","name":"spero.cz","logo":{"@type":"ImageObject","@id":"\/logo.png","url":"\/logo.png","width":600,"height":60}},"image":{"@type":"ImageObject","@id":"https:\/\/www.spero.cz\/wp-content\/uploads\/img_a346348_w1699_t1560501748.jpg","url":"https:\/\/www.spero.cz\/wp-content\/uploads\/img_a346348_w1699_t1560501748.jpg","height":0,"width":0},"wordCount":620,"keywords":null},{"@type":"Article","@id":"https:\/\/www.spero.cz\/nezapominejte-na-cistici-prostredky-a-kosmetiku-vasich-sexualnich-pomucek\/","headline":"Nezapom\u00ednejte na \u010distic\u00ed prost\u0159edky a kosmetiku va\u0161ich sexu\u00e1ln\u00edch pom\u016fcek","url":"https:\/\/www.spero.cz\/nezapominejte-na-cistici-prostredky-a-kosmetiku-vasich-sexualnich-pomucek\/","datePublished":"2018-12-19","dateModified":"2023-05-03","mainEntityOfPage":"https:\/\/www.spero.cz\/nezapominejte-na-cistici-prostredky-a-kosmetiku-vasich-sexualnich-pomucek\/","author":{"@type":"Person","@id":"https:\/\/www.spero.cz\/author\/#Person","name":"","url":"https:\/\/www.spero.cz\/author\/","identifier":1,"image":{"@type":"ImageObject","@id":"https:\/\/secure.gravatar.com\/avatar\/383247cd769f7ac317a5bcda943ec48a3c79d996598ae4564ec21a0e178126d1?s=96&d=mm&r=g","url":"https:\/\/secure.gravatar.com\/avatar\/383247cd769f7ac317a5bcda943ec48a3c79d996598ae4564ec21a0e178126d1?s=96&d=mm&r=g","height":96,"width":96}},"publisher":{"@type":"Organization","name":"spero.cz","logo":{"@type":"ImageObject","@id":"\/logo.png","url":"\/logo.png","width":600,"height":60}},"image":{"@type":"ImageObject","@id":"https:\/\/www.spero.cz\/wp-content\/uploads\/img_a334609_w1698_t1548238192.jpg","url":"https:\/\/www.spero.cz\/wp-content\/uploads\/img_a334609_w1698_t1548238192.jpg","height":0,"width":0},"wordCount":544,"keywords":null},{"@type":"Article","@id":"https:\/\/www.spero.cz\/vite-jak-a-kde-vyhodne-ziskat-penize\/","headline":"V\u00edte, jak a kde v\u00fdhodn\u011b z\u00edskat pen\u00edze?","url":"https:\/\/www.spero.cz\/vite-jak-a-kde-vyhodne-ziskat-penize\/","datePublished":"2018-12-10","dateModified":"2023-05-03","mainEntityOfPage":"https:\/\/www.spero.cz\/vite-jak-a-kde-vyhodne-ziskat-penize\/","author":{"@type":"Person","@id":"https:\/\/www.spero.cz\/author\/#Person","name":"","url":"https:\/\/www.spero.cz\/author\/","identifier":1,"image":{"@type":"ImageObject","@id":"https:\/\/secure.gravatar.com\/avatar\/383247cd769f7ac317a5bcda943ec48a3c79d996598ae4564ec21a0e178126d1?s=96&d=mm&r=g","url":"https:\/\/secure.gravatar.com\/avatar\/383247cd769f7ac317a5bcda943ec48a3c79d996598ae4564ec21a0e178126d1?s=96&d=mm&r=g","height":96,"width":96}},"publisher":{"@type":"Organization","name":"spero.cz","logo":{"@type":"ImageObject","@id":"\/logo.png","url":"\/logo.png","width":600,"height":60}},"image":{"@type":"ImageObject","@id":"https:\/\/www.spero.cz\/wp-content\/uploads\/img_a332687_w2018_t1545727412.jpg","url":"https:\/\/www.spero.cz\/wp-content\/uploads\/img_a332687_w2018_t1545727412.jpg","height":0,"width":0},"wordCount":504,"keywords":null},{"@type":"Article","@id":"https:\/\/www.spero.cz\/spocitejte-si-to\/","headline":"Spo\u010d\u00edtejte si to","url":"https:\/\/www.spero.cz\/spocitejte-si-to\/","datePublished":"2018-08-26","dateModified":"2023-05-03","mainEntityOfPage":"https:\/\/www.spero.cz\/spocitejte-si-to\/","author":{"@type":"Person","@id":"https:\/\/www.spero.cz\/author\/#Person","name":"","url":"https:\/\/www.spero.cz\/author\/","identifier":1,"image":{"@type":"ImageObject","@id":"https:\/\/secure.gravatar.com\/avatar\/383247cd769f7ac317a5bcda943ec48a3c79d996598ae4564ec21a0e178126d1?s=96&d=mm&r=g","url":"https:\/\/secure.gravatar.com\/avatar\/383247cd769f7ac317a5bcda943ec48a3c79d996598ae4564ec21a0e178126d1?s=96&d=mm&r=g","height":96,"width":96}},"publisher":{"@type":"Organization","name":"spero.cz","logo":{"@type":"ImageObject","@id":"\/logo.png","url":"\/logo.png","width":600,"height":60}},"image":{"@type":"ImageObject","@id":"https:\/\/www.spero.cz\/wp-content\/uploads\/img_a328199_w1712_t1540582233.jpg","url":"https:\/\/www.spero.cz\/wp-content\/uploads\/img_a328199_w1712_t1540582233.jpg","height":0,"width":0},"wordCount":592,"keywords":null},{"@type":"Article","@id":"https:\/\/www.spero.cz\/neopravneny-strach-z-bankovniho-systemu\/","headline":"Neopr\u00e1vn\u011bn\u00fd strach z bankovn\u00edho syst\u00e9mu","url":"https:\/\/www.spero.cz\/neopravneny-strach-z-bankovniho-systemu\/","datePublished":"2018-06-27","dateModified":"2023-05-03","mainEntityOfPage":"https:\/\/www.spero.cz\/neopravneny-strach-z-bankovniho-systemu\/","author":{"@type":"Person","@id":"https:\/\/www.spero.cz\/author\/#Person","name":"","url":"https:\/\/www.spero.cz\/author\/","identifier":1,"image":{"@type":"ImageObject","@id":"https:\/\/secure.gravatar.com\/avatar\/383247cd769f7ac317a5bcda943ec48a3c79d996598ae4564ec21a0e178126d1?s=96&d=mm&r=g","url":"https:\/\/secure.gravatar.com\/avatar\/383247cd769f7ac317a5bcda943ec48a3c79d996598ae4564ec21a0e178126d1?s=96&d=mm&r=g","height":96,"width":96}},"publisher":{"@type":"Organization","name":"spero.cz","logo":{"@type":"ImageObject","@id":"\/logo.png","url":"\/logo.png","width":600,"height":60}},"image":{"@type":"ImageObject","@id":"https:\/\/www.spero.cz\/wp-content\/uploads\/img_a321695_w2340_t1532932680.jpg","url":"https:\/\/www.spero.cz\/wp-content\/uploads\/img_a321695_w2340_t1532932680.jpg","height":0,"width":0},"wordCount":4595,"keywords":null}]},{"@context":"https:\/\/schema.org","@type":"WebSite","@id":"https:\/\/www.spero.cz\/#website","name":"Sp\u00e9ro","url":"https:\/\/www.spero.cz","potentialAction":{"@type":"SearchAction","target":"https:\/\/www.spero.cz\/?s={search_term_string}","query-input":"required name=search_term_string"}}]