[{"@context":"https:\/\/schema.org\/","@type":"Blog","@id":"https:\/\/www.spero.cz#Blog","headline":"Sp\u00e9ro","description":"\nPot\u0159ebujete naj\u00edt n\u011bjak\u00fd web, kter\u00fd by v\u00e1m poskytl v\u00a0nouzi neoceniteln\u00e9 slu\u017eby? Pak v\u00e1m m\u016f\u017eeme gratulovat. Pr\u00e1v\u011b jste ho \u2013 tedy ten n\u00e1\u0161 \u2013 na\u0161li.","url":"https:\/\/www.spero.cz","hasPart":[{"@type":"Article","@id":"https:\/\/www.spero.cz\/tuhe-mydlo-ci-sprchovy-gel\/","headline":"Tuh\u00e9 m\u00fddlo \u010di sprchov\u00fd gel?","url":"https:\/\/www.spero.cz\/tuhe-mydlo-ci-sprchovy-gel\/","datePublished":"2019-09-15","dateModified":"2023-05-03","mainEntityOfPage":"https:\/\/www.spero.cz\/tuhe-mydlo-ci-sprchovy-gel\/","author":{"@type":"Person","@id":"https:\/\/www.spero.cz\/author\/#Person","name":"","url":"https:\/\/www.spero.cz\/author\/","identifier":1,"image":{"@type":"ImageObject","@id":"https:\/\/secure.gravatar.com\/avatar\/383247cd769f7ac317a5bcda943ec48a3c79d996598ae4564ec21a0e178126d1?s=96&d=mm&r=g","url":"https:\/\/secure.gravatar.com\/avatar\/383247cd769f7ac317a5bcda943ec48a3c79d996598ae4564ec21a0e178126d1?s=96&d=mm&r=g","height":96,"width":96}},"publisher":{"@type":"Organization","name":"spero.cz","logo":{"@type":"ImageObject","@id":"\/logo.png","url":"\/logo.png","width":600,"height":60}},"image":{"@type":"ImageObject","@id":"https:\/\/www.spero.cz\/wp-content\/uploads\/img_a355430_w3792_t1569697013.jpg","url":"https:\/\/www.spero.cz\/wp-content\/uploads\/img_a355430_w3792_t1569697013.jpg","height":0,"width":0},"wordCount":4545,"keywords":null},{"@type":"Article","@id":"https:\/\/www.spero.cz\/americka-hypoteka-vam-pomuze\/","headline":"Americk\u00e1 hypot\u00e9ka v\u00e1m pom\u016f\u017ee","url":"https:\/\/www.spero.cz\/americka-hypoteka-vam-pomuze\/","datePublished":"2019-09-13","dateModified":"2023-05-03","mainEntityOfPage":"https:\/\/www.spero.cz\/americka-hypoteka-vam-pomuze\/","author":{"@type":"Person","@id":"https:\/\/www.spero.cz\/author\/#Person","name":"","url":"https:\/\/www.spero.cz\/author\/","identifier":1,"image":{"@type":"ImageObject","@id":"https:\/\/secure.gravatar.com\/avatar\/383247cd769f7ac317a5bcda943ec48a3c79d996598ae4564ec21a0e178126d1?s=96&d=mm&r=g","url":"https:\/\/secure.gravatar.com\/avatar\/383247cd769f7ac317a5bcda943ec48a3c79d996598ae4564ec21a0e178126d1?s=96&d=mm&r=g","height":96,"width":96}},"publisher":{"@type":"Organization","name":"spero.cz","logo":{"@type":"ImageObject","@id":"\/logo.png","url":"\/logo.png","width":600,"height":60}},"image":{"@type":"ImageObject","@id":"https:\/\/www.spero.cz\/wp-content\/uploads\/img_a343762_w2600_t1557135132.jpg","url":"https:\/\/www.spero.cz\/wp-content\/uploads\/img_a343762_w2600_t1557135132.jpg","height":0,"width":0},"wordCount":600,"keywords":null},{"@type":"Article","@id":"https:\/\/www.spero.cz\/serizeni-svetlometu-a-dostatecny-vykon-autozarovek-h4-nepodcenujte\/","headline":"Se\u0159\u00edzen\u00ed sv\u011btlomet\u016f a dostate\u010dn\u00fd v\u00fdkon auto\u017e\u00e1rovek H4 nepodce\u0148ujte","url":"https:\/\/www.spero.cz\/serizeni-svetlometu-a-dostatecny-vykon-autozarovek-h4-nepodcenujte\/","datePublished":"2019-09-13","dateModified":"2023-05-03","mainEntityOfPage":"https:\/\/www.spero.cz\/serizeni-svetlometu-a-dostatecny-vykon-autozarovek-h4-nepodcenujte\/","author":{"@type":"Person","@id":"https:\/\/www.spero.cz\/author\/#Person","name":"","url":"https:\/\/www.spero.cz\/author\/","identifier":1,"image":{"@type":"ImageObject","@id":"https:\/\/secure.gravatar.com\/avatar\/383247cd769f7ac317a5bcda943ec48a3c79d996598ae4564ec21a0e178126d1?s=96&d=mm&r=g","url":"https:\/\/secure.gravatar.com\/avatar\/383247cd769f7ac317a5bcda943ec48a3c79d996598ae4564ec21a0e178126d1?s=96&d=mm&r=g","height":96,"width":96}},"publisher":{"@type":"Organization","name":"spero.cz","logo":{"@type":"ImageObject","@id":"\/logo.png","url":"\/logo.png","width":600,"height":60}},"image":{"@type":"ImageObject","@id":"https:\/\/www.spero.cz\/wp-content\/uploads\/img_a344072_w1713_t1557484703.jpg","url":"https:\/\/www.spero.cz\/wp-content\/uploads\/img_a344072_w1713_t1557484703.jpg","height":0,"width":0},"wordCount":565,"keywords":null},{"@type":"Article","@id":"https:\/\/www.spero.cz\/program-ktery-vam-vyplni-odpoledne\/","headline":"Program, kter\u00fd v\u00e1m vypln\u00ed odpoledne","url":"https:\/\/www.spero.cz\/program-ktery-vam-vyplni-odpoledne\/","datePublished":"2019-09-12","dateModified":"2023-09-19","mainEntityOfPage":"https:\/\/www.spero.cz\/program-ktery-vam-vyplni-odpoledne\/","author":{"@type":"Person","@id":"https:\/\/www.spero.cz\/author\/#Person","name":"","url":"https:\/\/www.spero.cz\/author\/","identifier":1,"image":{"@type":"ImageObject","@id":"https:\/\/secure.gravatar.com\/avatar\/383247cd769f7ac317a5bcda943ec48a3c79d996598ae4564ec21a0e178126d1?s=96&d=mm&r=g","url":"https:\/\/secure.gravatar.com\/avatar\/383247cd769f7ac317a5bcda943ec48a3c79d996598ae4564ec21a0e178126d1?s=96&d=mm&r=g","height":96,"width":96}},"publisher":{"@type":"Organization","name":"spero.cz","logo":{"@type":"ImageObject","@id":"\/logo.png","url":"\/logo.png","width":600,"height":60}},"image":{"@type":"ImageObject","@id":"https:\/\/www.spero.cz\/wp-content\/uploads\/img_a344356_w2600_t1558007593.jpg","url":"https:\/\/www.spero.cz\/wp-content\/uploads\/img_a344356_w2600_t1558007593.jpg","height":0,"width":0},"wordCount":551,"keywords":null},{"@type":"Article","@id":"https:\/\/www.spero.cz\/vybirame-pozemek\/","headline":"Vyb\u00edr\u00e1me pozemek","url":"https:\/\/www.spero.cz\/vybirame-pozemek\/","datePublished":"2019-09-11","dateModified":"2023-05-03","mainEntityOfPage":"https:\/\/www.spero.cz\/vybirame-pozemek\/","author":{"@type":"Person","@id":"https:\/\/www.spero.cz\/author\/#Person","name":"","url":"https:\/\/www.spero.cz\/author\/","identifier":1,"image":{"@type":"ImageObject","@id":"https:\/\/secure.gravatar.com\/avatar\/383247cd769f7ac317a5bcda943ec48a3c79d996598ae4564ec21a0e178126d1?s=96&d=mm&r=g","url":"https:\/\/secure.gravatar.com\/avatar\/383247cd769f7ac317a5bcda943ec48a3c79d996598ae4564ec21a0e178126d1?s=96&d=mm&r=g","height":96,"width":96}},"publisher":{"@type":"Organization","name":"spero.cz","logo":{"@type":"ImageObject","@id":"\/logo.png","url":"\/logo.png","width":600,"height":60}},"image":{"@type":"ImageObject","@id":"https:\/\/www.spero.cz\/wp-content\/uploads\/img_a336755_w1749_t1550060823.jpg","url":"https:\/\/www.spero.cz\/wp-content\/uploads\/img_a336755_w1749_t1550060823.jpg","height":0,"width":0},"wordCount":572,"keywords":null},{"@type":"Article","@id":"https:\/\/www.spero.cz\/zivot-ve-meste-nebo-na-vesnici\/","headline":"\u017divot ve m\u011bst\u011b nebo na vesnici?","url":"https:\/\/www.spero.cz\/zivot-ve-meste-nebo-na-vesnici\/","datePublished":"2019-09-07","dateModified":"2023-05-03","mainEntityOfPage":"https:\/\/www.spero.cz\/zivot-ve-meste-nebo-na-vesnici\/","author":{"@type":"Person","@id":"https:\/\/www.spero.cz\/author\/#Person","name":"","url":"https:\/\/www.spero.cz\/author\/","identifier":1,"image":{"@type":"ImageObject","@id":"https:\/\/secure.gravatar.com\/avatar\/383247cd769f7ac317a5bcda943ec48a3c79d996598ae4564ec21a0e178126d1?s=96&d=mm&r=g","url":"https:\/\/secure.gravatar.com\/avatar\/383247cd769f7ac317a5bcda943ec48a3c79d996598ae4564ec21a0e178126d1?s=96&d=mm&r=g","height":96,"width":96}},"publisher":{"@type":"Organization","name":"spero.cz","logo":{"@type":"ImageObject","@id":"\/logo.png","url":"\/logo.png","width":600,"height":60}},"image":{"@type":"ImageObject","@id":"https:\/\/www.spero.cz\/wp-content\/uploads\/img_a354663_w3792_t1569259255.jpg","url":"https:\/\/www.spero.cz\/wp-content\/uploads\/img_a354663_w3792_t1569259255.jpg","height":0,"width":0},"wordCount":505,"keywords":null},{"@type":"Article","@id":"https:\/\/www.spero.cz\/aby-vam-do-bytu-nesvitilo\/","headline":"Aby v\u00e1m do bytu nesv\u00edtilo","url":"https:\/\/www.spero.cz\/aby-vam-do-bytu-nesvitilo\/","datePublished":"2019-08-19","dateModified":"2023-05-03","mainEntityOfPage":"https:\/\/www.spero.cz\/aby-vam-do-bytu-nesvitilo\/","author":{"@type":"Person","@id":"https:\/\/www.spero.cz\/author\/#Person","name":"","url":"https:\/\/www.spero.cz\/author\/","identifier":1,"image":{"@type":"ImageObject","@id":"https:\/\/secure.gravatar.com\/avatar\/383247cd769f7ac317a5bcda943ec48a3c79d996598ae4564ec21a0e178126d1?s=96&d=mm&r=g","url":"https:\/\/secure.gravatar.com\/avatar\/383247cd769f7ac317a5bcda943ec48a3c79d996598ae4564ec21a0e178126d1?s=96&d=mm&r=g","height":96,"width":96}},"publisher":{"@type":"Organization","name":"spero.cz","logo":{"@type":"ImageObject","@id":"\/logo.png","url":"\/logo.png","width":600,"height":60}},"image":{"@type":"ImageObject","@id":"https:\/\/www.spero.cz\/wp-content\/uploads\/img_a353029_w3792_t1567277885.png","url":"https:\/\/www.spero.cz\/wp-content\/uploads\/img_a353029_w3792_t1567277885.png","height":0,"width":0},"wordCount":475,"keywords":null},{"@type":"Article","@id":"https:\/\/www.spero.cz\/cim-muzete-vysperkovat-sve-bydleni\/","headline":"\u010c\u00edm m\u016f\u017eete vy\u0161perkovat sv\u00e9 bydlen\u00ed?","url":"https:\/\/www.spero.cz\/cim-muzete-vysperkovat-sve-bydleni\/","datePublished":"2019-08-16","dateModified":"2023-05-03","mainEntityOfPage":"https:\/\/www.spero.cz\/cim-muzete-vysperkovat-sve-bydleni\/","author":{"@type":"Person","@id":"https:\/\/www.spero.cz\/author\/#Person","name":"","url":"https:\/\/www.spero.cz\/author\/","identifier":1,"image":{"@type":"ImageObject","@id":"https:\/\/secure.gravatar.com\/avatar\/383247cd769f7ac317a5bcda943ec48a3c79d996598ae4564ec21a0e178126d1?s=96&d=mm&r=g","url":"https:\/\/secure.gravatar.com\/avatar\/383247cd769f7ac317a5bcda943ec48a3c79d996598ae4564ec21a0e178126d1?s=96&d=mm&r=g","height":96,"width":96}},"publisher":{"@type":"Organization","name":"spero.cz","logo":{"@type":"ImageObject","@id":"\/logo.png","url":"\/logo.png","width":600,"height":60}},"image":{"@type":"ImageObject","@id":"https:\/\/www.spero.cz\/wp-content\/uploads\/img_a352382_w3727_t1566937858.jpg","url":"https:\/\/www.spero.cz\/wp-content\/uploads\/img_a352382_w3727_t1566937858.jpg","height":0,"width":0},"wordCount":520,"keywords":null},{"@type":"Article","@id":"https:\/\/www.spero.cz\/pomucky-pro-praci-v-lese\/","headline":"Pom\u016fcky pro pr\u00e1ci v lese","url":"https:\/\/www.spero.cz\/pomucky-pro-praci-v-lese\/","datePublished":"2019-08-15","dateModified":"2023-05-03","mainEntityOfPage":"https:\/\/www.spero.cz\/pomucky-pro-praci-v-lese\/","author":{"@type":"Person","@id":"https:\/\/www.spero.cz\/author\/#Person","name":"","url":"https:\/\/www.spero.cz\/author\/","identifier":1,"image":{"@type":"ImageObject","@id":"https:\/\/secure.gravatar.com\/avatar\/383247cd769f7ac317a5bcda943ec48a3c79d996598ae4564ec21a0e178126d1?s=96&d=mm&r=g","url":"https:\/\/secure.gravatar.com\/avatar\/383247cd769f7ac317a5bcda943ec48a3c79d996598ae4564ec21a0e178126d1?s=96&d=mm&r=g","height":96,"width":96}},"publisher":{"@type":"Organization","name":"spero.cz","logo":{"@type":"ImageObject","@id":"\/logo.png","url":"\/logo.png","width":600,"height":60}},"image":{"@type":"ImageObject","@id":"https:\/\/www.spero.cz\/wp-content\/uploads\/img_a352188_w3792_t1566760537.jpg","url":"https:\/\/www.spero.cz\/wp-content\/uploads\/img_a352188_w3792_t1566760537.jpg","height":0,"width":0},"wordCount":520,"keywords":null},{"@type":"Article","@id":"https:\/\/www.spero.cz\/jak-resit-financni-problemy\/","headline":"Jak \u0159e\u0161it finan\u010dn\u00ed probl\u00e9my","url":"https:\/\/www.spero.cz\/jak-resit-financni-problemy\/","datePublished":"2019-08-13","dateModified":"2023-05-03","mainEntityOfPage":"https:\/\/www.spero.cz\/jak-resit-financni-problemy\/","author":{"@type":"Person","@id":"https:\/\/www.spero.cz\/author\/#Person","name":"","url":"https:\/\/www.spero.cz\/author\/","identifier":1,"image":{"@type":"ImageObject","@id":"https:\/\/secure.gravatar.com\/avatar\/383247cd769f7ac317a5bcda943ec48a3c79d996598ae4564ec21a0e178126d1?s=96&d=mm&r=g","url":"https:\/\/secure.gravatar.com\/avatar\/383247cd769f7ac317a5bcda943ec48a3c79d996598ae4564ec21a0e178126d1?s=96&d=mm&r=g","height":96,"width":96}},"publisher":{"@type":"Organization","name":"spero.cz","logo":{"@type":"ImageObject","@id":"\/logo.png","url":"\/logo.png","width":600,"height":60}},"image":{"@type":"ImageObject","@id":"https:\/\/www.spero.cz\/wp-content\/uploads\/img_a360144_w2014_t1574016214.jpg","url":"https:\/\/www.spero.cz\/wp-content\/uploads\/img_a360144_w2014_t1574016214.jpg","height":0,"width":0},"wordCount":622,"keywords":null}]},{"@context":"https:\/\/schema.org","@type":"WebSite","@id":"https:\/\/www.spero.cz\/#website","name":"Sp\u00e9ro","url":"https:\/\/www.spero.cz","potentialAction":{"@type":"SearchAction","target":"https:\/\/www.spero.cz\/?s={search_term_string}","query-input":"required name=search_term_string"}}]