[{"@context":"https:\/\/schema.org\/","@type":"Article","@id":"https:\/\/www.spero.cz\/odpovednost-a-autonomie-vam-chybi-naucte-se-jich-na-vzdelavacim-kurzu\/#Article","mainEntityOfPage":"https:\/\/www.spero.cz\/odpovednost-a-autonomie-vam-chybi-naucte-se-jich-na-vzdelavacim-kurzu\/","headline":"Odpov\u011bdnost a autonomie V\u00e1m chyb\u00ed? Nau\u010dte se jich na vzd\u011bl\u00e1vac\u00edm kurzu","name":"Odpov\u011bdnost a autonomie V\u00e1m chyb\u00ed? Nau\u010dte se jich na vzd\u011bl\u00e1vac\u00edm kurzu","description":"V sou\u010dasn\u00e9 modern\u00ed dob\u011b u\u017e t\u00e9m\u011b\u0159 nic nen\u00ed nemo\u017en\u00e9 a nic nen\u00ed probl\u00e9mem \u2013 n\u011bco neum\u00edte, tak si zajdete na vzd\u011bl\u00e1vac\u00ed kurz. Pokud V\u00e1m nap\u0159\u00edklad chyb\u00ed asertivita, zapi\u0161te se na jej\u00ed vzd\u011bl\u00e1vac\u00ed kurz na webov\u00e9m port\u00e1le MotivP, kde V\u00e1m s t\u00edm hrav\u011b pomohou. Ud\u011blejte n\u011bco pro sebe a svoje vzd\u011bl\u00e1n\u00ed.","datePublished":"2024-10-21","dateModified":"2024-10-21","author":{"@type":"Person","@id":"https:\/\/www.spero.cz\/author\/#Person","name":"","url":"https:\/\/www.spero.cz\/author\/","identifier":1,"image":{"@type":"ImageObject","@id":"https:\/\/secure.gravatar.com\/avatar\/383247cd769f7ac317a5bcda943ec48a3c79d996598ae4564ec21a0e178126d1?s=96&d=mm&r=g","url":"https:\/\/secure.gravatar.com\/avatar\/383247cd769f7ac317a5bcda943ec48a3c79d996598ae4564ec21a0e178126d1?s=96&d=mm&r=g","height":96,"width":96}},"publisher":{"@type":"Organization","name":"spero.cz","logo":{"@type":"ImageObject","@id":"\/logo.png","url":"\/logo.png","width":600,"height":60}},"url":"https:\/\/www.spero.cz\/odpovednost-a-autonomie-vam-chybi-naucte-se-jich-na-vzdelavacim-kurzu\/","wordCount":243,"articleBody":"V sou\u010dasn\u00e9 modern\u00ed dob\u011b u\u017e t\u00e9m\u011b\u0159 nic nen\u00ed nemo\u017en\u00e9 a nic nen\u00ed probl\u00e9mem \u2013 n\u011bco neum\u00edte, tak si zajdete na vzd\u011bl\u00e1vac\u00ed kurz. Pokud V\u00e1m nap\u0159\u00edklad chyb\u00ed asertivita, zapi\u0161te se na jej\u00ed vzd\u011bl\u00e1vac\u00ed kurz na webov\u00e9m port\u00e1le MotivP, kde V\u00e1m s t\u00edm hrav\u011b pomohou. Ud\u011blejte n\u011bco pro sebe a svoje vzd\u011bl\u00e1n\u00ed. Nau\u010dte se ovl\u00e1dat svoje emoce a nau\u010dte se takzvan\u011b \u201e\u0159\u00edkat ne\u201c, kdy\u017e je to pot\u0159eba a nenechte sebou jen tak manipulovat. Za\u0159i\u010fte si n\u011bco pro sebe, pokud V\u00e1m pr\u00e1v\u011b tohle d\u011bl\u00e1 probl\u00e9my a obt\u00ed\u017ee. D\u00edky t\u011bmto kurz\u016fm u\u017e nebude!\tEfektivn\u00ed sebezdokonalen\u00ed pro V\u00e1s od MotivPChcete ud\u011blat n\u011bco pro svoje vzd\u011bl\u00e1n\u00ed a chcete se prost\u011b po n\u011bkter\u00fdch str\u00e1nk\u00e1ch vylep\u0161it? Asertivita a dal\u0161\u00ed vlastnosti jsou velice d\u016fle\u017eit\u00e9, obzvl\u00e1\u0161\u0165 pokud pracujete ve v\u011bt\u0161\u00edm kolektivu a je\u0161t\u011b ho k tomu n\u011bjak mus\u00edte \u0159\u00eddit \u010di ovl\u00e1dat. Ud\u011blejte pro to n\u011bco a zapi\u0161te se na vzd\u011bl\u00e1vac\u00ed kurzy na v\u00fd\u0161e zm\u00edn\u011bn\u00e9m webov\u00e9m port\u00e1le, kde najdete mnoho zaj\u00edmav\u00fdch kurz\u016f, kter\u00e9 m\u016f\u017eete absolvovat i pomoc\u00ed internetov\u00e9 s\u00edt\u011b, co\u017e V\u00e1m zna\u010dn\u011b usnadn\u00ed pr\u00e1ci se n\u011bkam dopravovat a podobn\u011b.                                                                                                                                                                                                                                                                                                                                                                                        2\/5 - (2 votes)        "},{"@context":"https:\/\/schema.org\/","@type":"BreadcrumbList","itemListElement":[{"@type":"ListItem","position":1,"name":"Odpov\u011bdnost a autonomie V\u00e1m chyb\u00ed? Nau\u010dte se jich na vzd\u011bl\u00e1vac\u00edm kurzu","item":"https:\/\/www.spero.cz\/odpovednost-a-autonomie-vam-chybi-naucte-se-jich-na-vzdelavacim-kurzu\/#breadcrumbitem"}]}]