[{"@context":"https:\/\/schema.org\/","@type":"Article","@id":"https:\/\/www.spero.cz\/levne-prakticke-skrine\/#Article","mainEntityOfPage":"https:\/\/www.spero.cz\/levne-prakticke-skrine\/","headline":"Levn\u00e9 praktick\u00e9 sk\u0159\u00edn\u011b","name":"Levn\u00e9 praktick\u00e9 sk\u0159\u00edn\u011b","description":"V dne\u0161n\u00ed dob\u011b jsou velice obl\u00edben\u00e9 vestav\u011bn\u00e9 sk\u0159\u00edn\u011b. Vestav\u011bn\u00e9 sk\u0159\u00edn\u011b jsou obl\u00edben\u00e9, proto\u017ee jsou velice praktick\u00e9 a hod\u00ed se t\u00e9m\u011b\u0159 kamkoliv. A to t\u0159eba i do lo\u017enice, nebo i do chodby. Samoz\u0159ejm\u011b \u017ee t\u0159eba i do kuchyn\u011b nebo do d\u011btsk\u00e9ho pokoje. J\u00e1 sama u\u017e tak\u00e9 p\u0159em\u00fd\u0161l\u00edm, \u017ee i j\u00e1 dom\u016f","datePublished":"2025-02-18","dateModified":"2025-02-18","author":{"@type":"Person","@id":"https:\/\/www.spero.cz\/author\/#Person","name":"","url":"https:\/\/www.spero.cz\/author\/","identifier":1,"image":{"@type":"ImageObject","@id":"https:\/\/secure.gravatar.com\/avatar\/383247cd769f7ac317a5bcda943ec48a3c79d996598ae4564ec21a0e178126d1?s=96&d=mm&r=g","url":"https:\/\/secure.gravatar.com\/avatar\/383247cd769f7ac317a5bcda943ec48a3c79d996598ae4564ec21a0e178126d1?s=96&d=mm&r=g","height":96,"width":96}},"publisher":{"@type":"Organization","name":"spero.cz","logo":{"@type":"ImageObject","@id":"\/logo.png","url":"\/logo.png","width":600,"height":60}},"image":{"@type":"ImageObject","@id":"https:\/\/www.spero.cz\/wp-content\/uploads\/lo%C5%BEnice_10_1.jpg","url":"https:\/\/www.spero.cz\/wp-content\/uploads\/lo%C5%BEnice_10_1.jpg","height":0,"width":0},"url":"https:\/\/www.spero.cz\/levne-prakticke-skrine\/","about":["Zbo\u017e\u00ed"],"wordCount":456,"articleBody":"      V dne\u0161n\u00ed dob\u011b jsou velice obl\u00edben\u00e9 vestav\u011bn\u00e9 sk\u0159\u00edn\u011b. Vestav\u011bn\u00e9 sk\u0159\u00edn\u011b jsou obl\u00edben\u00e9, proto\u017ee jsou velice praktick\u00e9 a hod\u00ed se t\u00e9m\u011b\u0159 kamkoliv. A to t\u0159eba i do lo\u017enice, nebo i do chodby. Samoz\u0159ejm\u011b \u017ee t\u0159eba i do kuchyn\u011b nebo do d\u011btsk\u00e9ho pokoje. J\u00e1 sama u\u017e tak\u00e9 p\u0159em\u00fd\u0161l\u00edm, \u017ee i j\u00e1 dom\u016f bych si po\u0159\u00eddila n\u011bjakou kr\u00e1snou vestav\u011bnou sk\u0159\u00ed\u0148. Tak\u00e9 ale mus\u00edte db\u00e1t a hled\u011bt na to, jak\u00e1 je hloubka vestav\u011bn\u00e9 sk\u0159\u00edn\u011b. Hloubka vestav\u011bn\u00fdch sk\u0159\u00edn\u00ed je r\u016fzn\u00e1. A mus\u00edte si tak\u00e9 na tom d\u00e1vat z\u00e1le\u017eet, proto\u017ee jinak se m\u016f\u017ee st\u00e1t, \u017ee v\u00e1m to nebude potom v\u016fbec nikde pasovat. V\u016fbec to nebude nikde se hodit a vy potom z toho budete opravdu moc ne\u0161\u0165astni. J\u00e1 si mysl\u00edm, \u017ee t\u0159eba kdy\u017e si usmysl\u00edte, \u017ee chcete m\u00edt opravdu kr\u00e1snou vestav\u011bnou sk\u0159\u00ed\u0148, tak si objednejte n\u011bjak\u00e9ho design\u00e9ra. Nebo n\u011bkoho, kdo se v tom vyzn\u00e1? J\u00e1 v\u00edm, \u017ee t\u0159eba ka\u017ed\u00fd \u010dlov\u011bk chce m\u00edt v\u0161echno opravdu podle sebe. \u017de t\u0159eba ani nechce m\u00edt \u017e\u00e1dn\u00e9ho design\u00e9ra anebo \u017e\u00e1dn\u00e9ho bytov\u00e9ho architekta. Tohle ale nen\u00ed v\u016fbec nic \u0161patn\u00e9ho. Proto\u017ee je \u00fapln\u011b norm\u00e1ln\u00ed, \u017ee ka\u017ed\u00fd \u010dlov\u011bk si chce ud\u011blat n\u011bco jenom podle sebe, ale opravdu dbejte na to, abyste m\u011bli spr\u00e1vnou hloubku vestav\u011bn\u00e9 sk\u0159\u00edn\u011b. S t\u00edmhle v\u00e1m m\u016f\u017ee poradit opravdu jenom odborn\u00edk a n\u011bjak\u00fd specialista. J\u00e1 sama jsem si \u0159ekla, \u017ee kdybych tak\u00e9 u\u017e m\u011bla n\u011bjak\u00e9 kr\u00e1sn\u00e9 vestav\u011bn\u00e9 sk\u0159\u00edn\u011b, kter\u00e9 by d\u011blal odborn\u00edk, \u017ee bych tak\u00e9 cht\u011bla m\u00edt jenom tu spr\u00e1vnou vestav\u011bnou sk\u0159\u00ed\u0148 a tak\u00e9 spr\u00e1vn\u011b ud\u011blanou hloubku vestav\u011bn\u00e9 sk\u0159\u00edn\u011b. A pokud v\u00e1s tak\u00e9 zaj\u00edm\u00e1 cena vestav\u011bn\u00e9 sk\u0159\u00edn\u011b, tak si tro\u0161ku p\u0159iplat\u00edte. P\u0159iplat\u00edte si za to, \u017ee v\u0161echno bude ud\u011blan\u00e9 na m\u00edru a nebude to to m\u00edt jako koupen\u00e9 z n\u011bjak\u00e9ho obchodu, kdy u\u017e ta sk\u0159\u00ed\u0148 bude \u00fapln\u011b cel\u00e1 komplet hotov\u00e1. Nep\u0159em\u00fd\u0161leli jste u\u017e o tom tak\u00e9 zaujalo by v\u00e1s to? J\u00e1 si mysl\u00edm, \u017ee ka\u017ed\u00fd \u010dlov\u011bk tak\u00e9 chce bydlet tak, aby se mu tam l\u00edbilo a aby to m\u011bl doma opravdu hodn\u011b \u00fatuln\u00e9. Proto \u010dlov\u011bk si rad\u011bji p\u0159iplat\u00ed i za n\u011bco, co by t\u0159eba jindy nepot\u0159eboval. Hlavn\u011b dbejte na kvalitu.                                                                                                                                                                                                                                                                                                                                                                                           4.5\/5 - (6 votes)        "},{"@context":"https:\/\/schema.org\/","@type":"BreadcrumbList","itemListElement":[{"@type":"ListItem","position":1,"name":"Levn\u00e9 praktick\u00e9 sk\u0159\u00edn\u011b","item":"https:\/\/www.spero.cz\/levne-prakticke-skrine\/#breadcrumbitem"}]}]