[{"@context":"https:\/\/schema.org\/","@type":"Article","@id":"https:\/\/www.spero.cz\/do-snemovny-jako-na-trempove\/#Article","mainEntityOfPage":"https:\/\/www.spero.cz\/do-snemovny-jako-na-trempove\/","headline":"Do sn\u011bmovny jako na trempov\u00e9.","name":"Do sn\u011bmovny jako na trempov\u00e9.","description":"Jist\u011b v\u00e1m neunikla zpr\u00e1va o mimo\u0159\u00e1dn\u00e9 sch\u016fzi poslaneck\u00e9 sn\u011bmovny, kde se m\u011blo projednat \u00fapln\u00e9 zru\u0161en\u00ed elektronick\u00e9 evidence tr\u017eeb, zaveden\u00ed koresponden\u010dn\u00ed volby a sn\u00ed\u017een\u00ed plateb za st\u00e1tn\u00edho zam\u011bstnance a dal\u0161\u00ed body. Jist\u011b chv\u00e1lyhodn\u00fd \u00fakol, m\u016f\u017ee se leckomu zd\u00e1t, ale m\u011b osobn\u011b zarazila jin\u00e1 skute\u010dnost. Na\u0161e politick\u00e9 s\u00edly se po posledn\u00edch volb\u00e1ch","datePublished":"2022-02-04","dateModified":"2023-05-03","author":{"@type":"Person","@id":"https:\/\/www.spero.cz\/author\/#Person","name":"","url":"https:\/\/www.spero.cz\/author\/","identifier":1,"image":{"@type":"ImageObject","@id":"https:\/\/secure.gravatar.com\/avatar\/383247cd769f7ac317a5bcda943ec48a3c79d996598ae4564ec21a0e178126d1?s=96&d=mm&r=g","url":"https:\/\/secure.gravatar.com\/avatar\/383247cd769f7ac317a5bcda943ec48a3c79d996598ae4564ec21a0e178126d1?s=96&d=mm&r=g","height":96,"width":96}},"publisher":{"@type":"Organization","name":"spero.cz","logo":{"@type":"ImageObject","@id":"\/logo.png","url":"\/logo.png","width":600,"height":60}},"image":{"@type":"ImageObject","@id":"https:\/\/www.spero.cz\/wp-content\/uploads\/tisk%20a%20politik.jpg","url":"https:\/\/www.spero.cz\/wp-content\/uploads\/tisk%20a%20politik.jpg","height":0,"width":0},"url":"https:\/\/www.spero.cz\/do-snemovny-jako-na-trempove\/","about":["Politika"],"wordCount":490,"articleBody":"Jist\u011b v\u00e1m neunikla zpr\u00e1va o mimo\u0159\u00e1dn\u00e9 sch\u016fzi poslaneck\u00e9 sn\u011bmovny, kde se m\u011blo projednat \u00fapln\u00e9 zru\u0161en\u00ed elektronick\u00e9 evidence tr\u017eeb, zaveden\u00ed koresponden\u010dn\u00ed volby a sn\u00ed\u017een\u00ed plateb za st\u00e1tn\u00edho zam\u011bstnance a dal\u0161\u00ed body. Jist\u011b chv\u00e1lyhodn\u00fd \u00fakol, m\u016f\u017ee se leckomu zd\u00e1t, ale m\u011b osobn\u011b zarazila jin\u00e1 skute\u010dnost. Na\u0161e politick\u00e9 s\u00edly se po posledn\u00edch volb\u00e1ch rapidn\u011b prom\u00edchali. Kdo vl\u00e1dl je najednou v\u00a0opozici, a naopak. V\u00a0celku pochopiteln\u00e1 skute\u010dnost, kde ob\u010dan\u00e9 na\u0161\u00ed zem\u011b dali jasn\u011b najevo, jak\u00fdm sm\u011brem a hlavn\u011b pod jakou taktovkou se m\u00e1 ub\u00edrat n\u00e1\u0161 sm\u011br. \u201eOdvol\u00e1v\u00e1m co jsem odvolal a slibuji, co jsem sl\u00edbil\u201c, komick\u00e1 replika z\u00a0obl\u00edben\u00e9 poh\u00e1dky, kdy kr\u00e1l m\u011bnil sv\u00e1 rozhodnut\u00ed, podle toho, co m\u011bl dostat a nedostal. \u017dijeme tedy v\u00a0poh\u00e1dce? Nebo v\u00fd\u0161e projedn\u00e1van\u00e9 body nebyli schv\u00e1leny spole\u010dn\u011b s\u00a0b\u00fdval\u00fdmi silami opozice? Nejsem politolog a omlouv\u00e1m se, je-li to jinak, ale pr\u00e1v\u011b d\u00edky spole\u010dn\u00e9mu \u201evl\u00e1dnut\u00ed\u201c v\u0161ech zvolen\u00fdch politick\u00fdch stran s\u00a0t\u00edm z\u0159ejm\u011b souhlasili a hlavn\u011b odsouhlasili. Ale i na v\u00e1\u017en\u00fdch v\u011bcech hledejme komi\u010dno. O\u010dek\u00e1vaj\u00ed se obstrukce a dlouh\u00e9 zdr\u017eov\u00e1n\u00ed projedn\u00e1van\u00fdch bod\u016f. Zdr\u017eov\u00e1n\u00ed, aby n\u00e1vrhy nebylo mo\u017eno odhlasovat. Zdr\u017eov\u00e1n\u00ed, aby b\u00fdval\u00ed vl\u00e1dnouc\u00ed strana dala jasn\u011b najevo, \u017ee oni se za sv\u00e9 rozhodnut\u00ed budou bojovat. A reakce sou\u010dasn\u00e9 vl\u00e1dnouc\u00ed strany m\u011b dostala opravdu do stavu nepochopen\u00ed. Aby nenastala mo\u017enost p\u0159ehlasov\u00e1n\u00ed z\u00a0d\u016fvodu po\u010dtu poslanc\u016f, p\u0159inesli si \u201edo pr\u00e1ce\u201c spac\u00e1ky a karimatky a ur\u010dily denn\u00ed a no\u010dn\u00ed sm\u011bny. Za m\u011b tomu v\u0161emu chyb\u00ed u\u017e jen t\u00e1bor\u00e1k, spole\u010dn\u00e9 op\u00e9k\u00e1n\u00ed \u0161pek\u00e1\u010dk\u016f, zazp\u00edv\u00e1n\u00ed trampsk\u00fdch p\u00edsn\u00ed.Vyj\u00e1d\u0159en\u00ed n\u00e1zoru je v\u00a0naprost\u00e9m po\u0159\u00e1dku. V\u017edy\u0165 ka\u017ed\u00e1 \u0159\u00e1dn\u011b zvolena politick\u00e1 strana m\u00e1 sv\u016fj program a hlavn\u011b m\u00e1 d\u016fv\u011bru t\u011bch, kte\u0159\u00ed ji volili. Ale z\u00e1m\u011brn\u011b a dop\u0159edu avizovat obstrukce a n\u011bkolikahodinov\u00e9 pov\u00edd\u00e1n\u00ed o ni\u010dem? Nejsou snad v\u00a0dob\u011b energetick\u00e9 a ekonomick\u00e9 krize d\u016fle\u017eit\u011bj\u0161\u00ed v\u011bci? A hlavn\u011b m\u00edsto slov, m\u00edsto pr\u00e1zdn\u00fdch a zdlouhav\u00fdch slov by m\u011bli p\u0159ij\u00edt \u010diny a \u0159e\u0161en\u00ed opravdov\u00fdch probl\u00e9m\u016f.Politika je opravdu jen pro vyvolen\u00e9 a m\u011bl by to b\u00fdt v\u00fdb\u011br toho nejlep\u0161\u00edho z\u00a0n\u00e1s,\u00a0obyvatel. M\u011bla by to b\u00fdt vizitka n\u00e1s samotn\u00fdch, v\u017edy\u0165 byly jsme to pr\u00e1v\u011b mi voli\u010di, kdo dal d\u016fv\u011bru a \u201eslovo\u201c pr\u00e1v\u011b na\u0161im politik\u016fm. Dali jsme jim hlas, maj\u00ed tedy te\u010f n\u00e1\u0161 hlas.                                                                                                                                                                                                                                                                                                                                                                                        4.4\/5 - (14 votes)        "},{"@context":"https:\/\/schema.org\/","@type":"BreadcrumbList","itemListElement":[{"@type":"ListItem","position":1,"name":"Do sn\u011bmovny jako na trempov\u00e9.","item":"https:\/\/www.spero.cz\/do-snemovny-jako-na-trempove\/#breadcrumbitem"}]}]