[{"@context":"https:\/\/schema.org\/","@type":"Article","@id":"https:\/\/www.spero.cz\/chybi-vam-pedig-pokud-ano-tak-zavitejte-k-nam\/#Article","mainEntityOfPage":"https:\/\/www.spero.cz\/chybi-vam-pedig-pokud-ano-tak-zavitejte-k-nam\/","headline":"Chyb\u00ed v\u00e1m pedig? Pokud ano tak zav\u00edtejte k n\u00e1m!","name":"Chyb\u00ed v\u00e1m pedig? Pokud ano tak zav\u00edtejte k n\u00e1m!","description":"Milujete pleten\u00ed? A t\u00edm nemysl\u00edme to klasick\u00e9! Co takov\u00fd pedik? Pokud jste o n\u011bm u\u017e n\u011bkdy sly\u0161eli tak zav\u00edtejte k n\u00e1m pro dal\u0161\u00ed z\u00e1sobu! M\u00e1me toho spoustu! Milujete pleten\u00ed a nemysl\u00edme t\u00edm klasick\u00e9. A co takov\u00fd pedik? Ano my ho m\u00e1me jako pedik a m\u016f\u017eete si vybrat opravdu z velmi","datePublished":"2021-12-14","dateModified":"2023-05-03","author":{"@type":"Person","@id":"https:\/\/www.spero.cz\/author\/#Person","name":"","url":"https:\/\/www.spero.cz\/author\/","identifier":1,"image":{"@type":"ImageObject","@id":"https:\/\/secure.gravatar.com\/avatar\/383247cd769f7ac317a5bcda943ec48a3c79d996598ae4564ec21a0e178126d1?s=96&d=mm&r=g","url":"https:\/\/secure.gravatar.com\/avatar\/383247cd769f7ac317a5bcda943ec48a3c79d996598ae4564ec21a0e178126d1?s=96&d=mm&r=g","height":96,"width":96}},"publisher":{"@type":"Organization","name":"spero.cz","logo":{"@type":"ImageObject","@id":"\/logo.png","url":"\/logo.png","width":600,"height":60}},"image":{"@type":"ImageObject","@id":"https:\/\/www.spero.cz\/wp-content\/uploads\/reed-g23d7832cc_640.jpg","url":"https:\/\/www.spero.cz\/wp-content\/uploads\/reed-g23d7832cc_640.jpg","height":0,"width":0},"url":"https:\/\/www.spero.cz\/chybi-vam-pedig-pokud-ano-tak-zavitejte-k-nam\/","about":["Zbo\u017e\u00ed"],"wordCount":472,"articleBody":"       Milujete pleten\u00ed? A t\u00edm nemysl\u00edme to klasick\u00e9! Co takov\u00fd pedik? Pokud jste o n\u011bm u\u017e n\u011bkdy sly\u0161eli tak zav\u00edtejte k n\u00e1m pro dal\u0161\u00ed z\u00e1sobu! M\u00e1me toho spoustu! Milujete pleten\u00ed a nemysl\u00edme t\u00edm klasick\u00e9. A co takov\u00fd pedik? Ano my ho m\u00e1me jako pedik a m\u016f\u017eete si vybrat opravdu z velmi \u0161irok\u00e9 nab\u00eddky. A k \u010demu je vlastn\u011b dobr\u00fd? Cht\u011bli byste takov\u00fd ko\u0161\u00ed\u010dek nebo snad velk\u00fd ko\u0161 na houby?A\u0165 u\u017e pro sebe nebo snad pro sv\u00e9ho man\u017eela nebo souseda? Ano m\u016f\u017eete jim z na\u0161eho kr\u00e1sn\u00e9ho pediku ud\u011blat ten nejlep\u0161\u00ed jak\u00fd kdy m\u011bli. A co m\u00edt na stole misku na ovoce? Ta jde tak\u00e9 rychle a snadno vyrobit. U tohoto pleten\u00ed si skv\u011ble odpo\u010dinete a budete z\u00e1rove\u0148 kreativn\u00ed. Nemus\u00edte tedy m\u00edt strach, \u017ee byste to nezvl\u00e1dli, proto\u017ee na internetu je mnoho n\u00e1vod\u016f a ka\u017ed\u00fd jednou p\u0159eci za\u010d\u00ednal. V dne\u0161n\u00ed dob\u011b jsou i skv\u011bl\u00e9 kurzy na kter\u00e9 se m\u016f\u017eete sami nebo t\u0159eba se sv\u00fdm kamar\u00e1dem \u010di kamar\u00e1dkou p\u0159ihl\u00e1sit a ostudu si rozhodn\u011b neud\u011bl\u00e1te. M\u00e1me i barevn\u00e9 pokud nechcete jen klasiku a velmi dob\u0159e se s t\u00edmto materi\u00e1lem pracuje a hlavn\u011b v\u00e1m vydr\u017e\u00ed dlouho. Nebo jste zku\u0161en\u00fd pleta\u0159 \u010di pleta\u0159ka a u\u017e z n\u011bj n\u011bco um\u00edte vyrobit? Pokud ano tak si ud\u011blejte bohat\u00e9 z\u00e1soby, proto\u017ee je to skv\u011bl\u00e1 relaxace pro kr\u00e1cen\u00ed dlouh\u00fdch zimn\u00edch ve\u010der\u016f.A na ja\u0159e se m\u016f\u017eete sv\u00e9mu okol\u00ed pochlubit t\u011bmito kr\u00e1sn\u00fdmi a praktick\u00fdmi v\u00fdrobky pochlubit nebo je rovnou darovat. Proto\u017ee takov\u00fdm kr\u00e1sn\u00fdm d\u00e1rkem rozhodn\u011b nic nezkaz\u00edte. Nebo snad sh\u00e1n\u00edte i jin\u00e9 v\u011bci? Co takov\u00e1 kr\u00e1sn\u00e1 dekorace do dom\u00e1cnosti? Nebo si najd\u011bte to sv\u00e9 prav\u00e9 v na\u0161em v\u00fdprodeji. Na\u0161i z\u00e1kazn\u00edci jsou s n\u00e1mi spokojen\u00ed a r\u00e1di se k n\u00e1m znovu vracej\u00ed. Pokud si nebudete v\u011bd\u011bt rady tak v\u00e1m porad\u00edme, a pom\u016f\u017eeme. Nebo snad dokonce v\u00edte o n\u011bkom kdo by takov\u00fd kr\u00e1sn\u00fd pedig pot\u0159eboval? Tak mu nebo j\u00ed po\u0161lete na\u0161e str\u00e1nky a ur\u010dit\u011b ho pot\u011b\u0161\u00edte. D\u011bl\u00e1me ka\u017ed\u00e9mu dnes a denn\u011b radost za dobrou cenu nakoup\u00edte u n\u00e1s skv\u011bl\u00e9 produkty. T\u011b\u0161\u00edme se na va\u0161e objedn\u00e1vky a ur\u010dit\u011b u n\u00e1s neprohloup\u00edte! A nebo ud\u011blejte radost kr\u00e1snou bi\u017euteri\u00ed t\u00edm nic zaru\u010den\u011b nezkaz\u00edte. My v\u00e1s nenech\u00e1me ve \u0161tychu!                                                                                                                                                                                                                                                                                                                                                                                          4.6\/5 - (7 votes)        "},{"@context":"https:\/\/schema.org\/","@type":"BreadcrumbList","itemListElement":[{"@type":"ListItem","position":1,"name":"Chyb\u00ed v\u00e1m pedig? Pokud ano tak zav\u00edtejte k n\u00e1m!","item":"https:\/\/www.spero.cz\/chybi-vam-pedig-pokud-ano-tak-zavitejte-k-nam\/#breadcrumbitem"}]}]