[{"@context":"https:\/\/schema.org\/","@type":"Article","@id":"https:\/\/www.spero.cz\/chceme-vam-nabizet-to-nejlepsi\/#Article","mainEntityOfPage":"https:\/\/www.spero.cz\/chceme-vam-nabizet-to-nejlepsi\/","headline":"Chceme v\u00e1m nab\u00edzet to nejlep\u0161\u00ed","name":"Chceme v\u00e1m nab\u00edzet to nejlep\u0161\u00ed","description":"Je typick\u00fd letn\u00ed den &#8211; jasn\u00e1 modr\u00e1 obloha, nesnesiteln\u00e9 vedro a Vy p\u0159em\u00fd\u0161l\u00edte, kde byste se ochladili. I kdy\u017e jste zrovna doma, m\u00e1te na sebe pu\u0161t\u011bn\u00fd v\u011btr\u00e1k a stejn\u011b se pot\u00edte, tak pak ji\u017e zb\u00fdv\u00e1 jen jedno \u0159e\u0161en\u00ed &#8211; studen\u00e1, chutn\u00e1 zmrzlina. Pokud i Vy pat\u0159\u00edte ke gurm\u00e1n\u016fm a nespokoj\u00edte","datePublished":"2024-12-31","dateModified":"2024-12-31","author":{"@type":"Person","@id":"https:\/\/www.spero.cz\/author\/#Person","name":"","url":"https:\/\/www.spero.cz\/author\/","identifier":1,"image":{"@type":"ImageObject","@id":"https:\/\/secure.gravatar.com\/avatar\/383247cd769f7ac317a5bcda943ec48a3c79d996598ae4564ec21a0e178126d1?s=96&d=mm&r=g","url":"https:\/\/secure.gravatar.com\/avatar\/383247cd769f7ac317a5bcda943ec48a3c79d996598ae4564ec21a0e178126d1?s=96&d=mm&r=g","height":96,"width":96}},"publisher":{"@type":"Organization","name":"spero.cz","logo":{"@type":"ImageObject","@id":"\/logo.png","url":"\/logo.png","width":600,"height":60}},"url":"https:\/\/www.spero.cz\/chceme-vam-nabizet-to-nejlepsi\/","wordCount":189,"articleBody":" Je typick\u00fd letn\u00ed den &#8211; jasn\u00e1 modr\u00e1 obloha, nesnesiteln\u00e9 vedro a Vy p\u0159em\u00fd\u0161l\u00edte, kde byste se ochladili. I kdy\u017e jste zrovna doma, m\u00e1te na sebe pu\u0161t\u011bn\u00fd v\u011btr\u00e1k a stejn\u011b se pot\u00edte, tak pak ji\u017e zb\u00fdv\u00e1 jen jedno \u0159e\u0161en\u00ed &#8211; studen\u00e1, chutn\u00e1 zmrzlina. Pokud i Vy pat\u0159\u00edte ke gurm\u00e1n\u016fm a nespokoj\u00edte se jen tak s n\u011b\u010d\u00edm, pak si vyberte u n\u00e1s! Na\u0161e firma funguje na trhu v\u00edce ne\u017e 20 let a vyr\u00e1b\u00edme zmrzlinu pro n\u00e1ro\u010dn\u00e9. Ji\u017e v roku 1994 jsme roz\u0161\u00ed\u0159ili na\u0161i v\u00fdrobu na 50 druh\u016f. Na\u0161e zmrzlina proch\u00e1z\u00ed velice p\u0159\u00edsnou v\u00fdrobn\u00ed i v\u00fdstupn\u00ed kontrolou, tak\u017ee kvalita je opravdu zaji\u0161t\u011bna. Zmrzlina nejen smetanov\u00e1 N\u011bkdo si pod pojmem zmrzlinap\u0159edstavuje kalorickou bombu v podob\u011b smetany. Ale my mysl\u00edme i na Va\u0161i postavu a tak si u n\u00e1s m\u016f\u017eete d\u00e1t i ovocn\u00e9 sorbety, kter\u00e9 neobsahuj\u00ed tuk. Jsou typick\u00e9 vysok\u00fdm pod\u00edlem ovocn\u00fdch slo\u017eek a n\u011bkter\u00e9 obsahuj\u00ed dokonce v\u011bt\u0161\u00ed kousky ovoce!                                                                                                                                                                                                                                                                                                                                                                                        4.3\/5 - (3 votes)        "},{"@context":"https:\/\/schema.org\/","@type":"BreadcrumbList","itemListElement":[{"@type":"ListItem","position":1,"name":"Chceme v\u00e1m nab\u00edzet to nejlep\u0161\u00ed","item":"https:\/\/www.spero.cz\/chceme-vam-nabizet-to-nejlepsi\/#breadcrumbitem"}]}]