[{"@context":"https:\/\/schema.org\/","@type":"Article","@id":"https:\/\/www.spero.cz\/ako-izbu-trochu-okorenit\/#Article","mainEntityOfPage":"https:\/\/www.spero.cz\/ako-izbu-trochu-okorenit\/","headline":"Ako izbu trochu okoreni\u0165?","name":"Ako izbu trochu okoreni\u0165?","description":"Sed\u00edte v ob\u00fdva\u010dke, reklama po\u010das ob\u013e\u00faben\u00e9ho programu v\u00e1s na chv\u00ed\u013eu preru\u0161\u00ed zo sledovania a m\u00e1te \u010das poobzera\u0165 sa a porozm\u00fd\u0161\u013ea\u0165, \u010do e\u0161te v ob\u00fdva\u010dke chyba? Pozrite sa nad hlavu! Nem\u00e1te nad sebou jedno ve\u013ek\u00e9 biele pl\u00e1tno, na ktor\u00e9 by bol hriech nie\u010do neda\u0165? Biela stena je klasika a vynikne na","datePublished":"2025-02-10","dateModified":"2025-02-10","author":{"@type":"Person","@id":"https:\/\/www.spero.cz\/author\/#Person","name":"","url":"https:\/\/www.spero.cz\/author\/","identifier":1,"image":{"@type":"ImageObject","@id":"https:\/\/secure.gravatar.com\/avatar\/383247cd769f7ac317a5bcda943ec48a3c79d996598ae4564ec21a0e178126d1?s=96&d=mm&r=g","url":"https:\/\/secure.gravatar.com\/avatar\/383247cd769f7ac317a5bcda943ec48a3c79d996598ae4564ec21a0e178126d1?s=96&d=mm&r=g","height":96,"width":96}},"publisher":{"@type":"Organization","name":"spero.cz","logo":{"@type":"ImageObject","@id":"\/logo.png","url":"\/logo.png","width":600,"height":60}},"url":"https:\/\/www.spero.cz\/ako-izbu-trochu-okorenit\/","wordCount":167,"articleBody":"Sed\u00edte v ob\u00fdva\u010dke, reklama po\u010das ob\u013e\u00faben\u00e9ho programu v\u00e1s na chv\u00ed\u013eu preru\u0161\u00ed zo sledovania a m\u00e1te \u010das poobzera\u0165 sa a porozm\u00fd\u0161\u013ea\u0165, \u010do e\u0161te v ob\u00fdva\u010dke chyba? Pozrite sa nad hlavu! Nem\u00e1te nad sebou jedno ve\u013ek\u00e9 biele pl\u00e1tno, na ktor\u00e9 by bol hriech nie\u010do neda\u0165? Biela stena je klasika a vynikne na nej ak\u00fdko\u013evek obraz. S vo\u013ebou modern\u00e9ho obrazu vyrie\u0161ite pr\u00e1zdny priestor na sten\u00e1ch ob\u00fdvacej izby, sp\u00e1lni ba dokonca aj chodby! Kdeko\u013evek c\u00edtite, \u017ee ch\u00fdba trocha farby alebo element, ktor\u00fd zapln\u00ed pr\u00e1zdny priestor, fotka alebo ma\u013eba bude to prav\u00e9! Miesto u\u017e od za\u010diatku rezervovan\u00e9 len pre jedno Modern\u00fdm domom nikdy nech\u00fdba ma\u013eba na stene, ktor\u00e1 priestor optick\u00fd uzavrie, ozvl\u00e1\u0161tni a z\u00fatulni! A \u010do va\u0161e steny? St\u00e1le z\u00edvaj\u00fa pr\u00e1zdnotou? Nie\u010do tam malo visie\u0165 u\u017e d\u00e1vno!                                                                                                                                                                                                                                                                                                                                                                                        4\/5 - (3 votes)        "},{"@context":"https:\/\/schema.org\/","@type":"BreadcrumbList","itemListElement":[{"@type":"ListItem","position":1,"name":"Ako izbu trochu okoreni\u0165?","item":"https:\/\/www.spero.cz\/ako-izbu-trochu-okorenit\/#breadcrumbitem"}]}]